{"id":4359,"date":"2021-04-26T10:00:00","date_gmt":"2021-04-26T08:00:00","guid":{"rendered":"https:\/\/kastela.hr\/en\/2021\/04\/26\/grad-kastela-i-tvrtka-cemex-hrvatska-potpisali-ugovor-o-upravljanju-prvim-reciklaznim-dvoristem-za-gradevni-otpad-na-podrucju-splitsko-dalmatinske-zupanije\/"},"modified":"2024-08-29T10:47:54","modified_gmt":"2024-08-29T08:47:54","slug":"grad-kastela-i-tvrtka-cemex-hrvatska-potpisali-ugovor-o-upravljanju-prvim-reciklaznim-dvoristem-za-gradevni-otpad-na-podrucju-splitsko-dalmatinske-zupanije","status":"publish","type":"post","link":"https:\/\/kastela.hr\/en\/2021\/04\/26\/grad-kastela-i-tvrtka-cemex-hrvatska-potpisali-ugovor-o-upravljanju-prvim-reciklaznim-dvoristem-za-gradevni-otpad-na-podrucju-splitsko-dalmatinske-zupanije\/","title":{"rendered":"Grad Ka\u0161tela i tvrtka CEMEX Hrvatska potpisali ugovor o upravljanju prvim recikla\u017enim dvori\u0161tem za gra\u0111evni otpad na podru\u010dju Splitsko \u2013 dalmatinske \u017eupanije"},"content":{"rendered":"<p>Gradona\u010delnik Denis Ivanovi\u0107 i direktor CEMEX-a Hrvatska Velimir Vilovi\u0107 u gradskoj vije\u0107nici u Ka\u0161tel Su\u0107urcu potpisali su ugovor o partnerstvu kojim se formaliziraju sve aktivnosti vezane uz gradnju i upravljanje prvim recikla\u017enim dvori\u0161tem za gra\u0111evni otpad u Splitsko &ndash; dalmatinskoj \u017eupaniji. Naime, Gradsko vije\u0107e Grada Ka\u0161tela na svojoj zadnjoj sjednici usvojilo je prijedloge odluka u svezi stjecanja poslovnog udjela u trgova\u010dkom dru\u0161tvu &bdquo;Reciklator&ldquo; sa svrhom izgradnje kori\u0161tenja i upravljanja recikla\u017enim dvori\u0161tem na podru\u010dju Ka\u0161tel Su\u0107urca \u010dija je izgradnja zapo\u010dela krajem studenoga 2020. godine.<\/p>\n<p>&#8211; Potpisali smo ugovor o upravljanju recikla\u017enim dvori\u0161tem u kojem je suvlasni\u0161tvo Grada Ka\u0161tela 25 posto. U\u0161li smo u ovu pri\u010du kako bi kontrolirali da se na propisan na\u010din odla\u017ee gra\u0111evni otpad na na\u0161em podru\u010dju, a ne s ciljem stjecanja profita. Dobit koja bude ostvarena odlaganjem otpada usmjerit \u0107e se u subvencioniranje rada recikla\u017enog dvori\u0161ta kako bi kona\u010dna cijena, koju gra\u0111ani Ka\u0161tela budu pla\u0107ali za deponiranje istog tog otpada, bila \u0161to ni\u017ea &ndash; kazao je nakon potpisivanja ugovora gradona\u010delnik Denis Ivanovi\u0107.<\/p>\n<p>Prema rije\u010dima Velimira Vilovi\u0107a, direktora CEMEX-a Hrvatska, rije\u010d je o prvoj legalnoj, zakonitoj i odr\u017eivoj mogu\u0107nosti deponiranja gra\u0111evnog otpada za fizi\u010dke i pravne osobe s podru\u010dja Ka\u0161tela te susjednih gradova i op\u0107ina s podru\u010dja Splitsko &ndash; dalmatinske \u017eupanije<\/p>\n<p><strong>&#8211; <\/strong>Potpisivanjem ovog ugovora formaliziramo sve aktivnosti koje smo poduzeli u proteklih godinu dana kako bismo stanovnicima Splitsko-dalmatinske \u017eupanije omogu\u0107ili legalan i okoli\u0161no prihvatljiv na\u010din zbrinjavanja gra\u0111evnog otpada. Otvaranjem ovog recikla\u017enog dvori\u0161ta rije\u0161it \u0107emo jedan od goru\u0107ih problema na\u0161e lokalne zajednice, a to je smanjenje broja ilegalnih i tzv. divljih odlagali\u0161ta koja su nastala jer nije postojala alternativa. Na\u0161i sugra\u0111ani \u0107e kona\u010dno, ve\u0107 u lipnju, mo\u0107i adekvatno zbrinuti svoj gra\u0111evni otpad. Zahvaljujem Gradu Ka\u0161tela, na\u0161em partneru u ovom projektu, \u0161to je prepoznao priliku i uklju\u010dio se u zajedni\u010dko rje\u0161avanje ovog problema na korist svih gra\u0111ana na\u0161e \u017eupanije &ndash; istaknuo je Vilovi\u0107.<\/p>\n<p>Po zavr\u0161etku izgradnje novo recikla\u017eno dvori\u0161te imat \u0107e kapacitet 100 tona po danu, \u0161to je na godi\u0161njoj razini 30.000 tona. Smje\u0161teno je na zapadnom dijelu biv\u0161ega eksploatacijskog polja mineralnih sirovima Sv. Juraj &#8211; Sv. Kajo, a obuhva\u0107a povr\u0161inu od 6300 metara \u010detvornih. U izgradnju i opremanje CEMEX Hrvatska \u0107e u prvoj fazi ulo\u017eiti oko 3 milijuna kuna. Dodatnih 1,5 milijuna kuna ulo\u017eit \u0107e se naknadno u pove\u0107anje kapaciteta i daljnje unaprje\u0111enje u\u010dinkovitosti ako to to bude zahtijevalo tr\u017ei\u0161te, to jest potrebe gra\u0111ana.<\/p>\n<p>&nbsp;<\/p>\n<p>&nbsp;<\/p>\n","protected":false},"excerpt":{"rendered":"<p>Gradona\u010delnik Denis Ivanovi\u0107 i direktor CEMEX-a Hrvatska Velimir Vilovi\u0107 u gradskoj vije\u0107nici u Ka\u0161tel Su\u0107urcu potpisali su ugovor o partnerstvu [&hellip;]<\/p>\n","protected":false},"author":7,"featured_media":4360,"comment_status":"closed","ping_status":"open","sticky":false,"template":"","format":"standard","meta":{"_acf_changed":false,"footnotes":""},"categories":[1],"tags":[],"class_list":["post-4359","post","type-post","status-publish","format-standard","has-post-thumbnail","hentry","category-novosti"],"acf":[],"_links":{"self":[{"href":"https:\/\/kastela.hr\/en\/wp-json\/wp\/v2\/posts\/4359","targetHints":{"allow":["GET"]}}],"collection":[{"href":"https:\/\/kastela.hr\/en\/wp-json\/wp\/v2\/posts"}],"about":[{"href":"https:\/\/kastela.hr\/en\/wp-json\/wp\/v2\/types\/post"}],"author":[{"embeddable":true,"href":"https:\/\/kastela.hr\/en\/wp-json\/wp\/v2\/users\/7"}],"replies":[{"embeddable":true,"href":"https:\/\/kastela.hr\/en\/wp-json\/wp\/v2\/comments?post=4359"}],"version-history":[{"count":1,"href":"https:\/\/kastela.hr\/en\/wp-json\/wp\/v2\/posts\/4359\/revisions"}],"predecessor-version":[{"id":6873,"href":"https:\/\/kastela.hr\/en\/wp-json\/wp\/v2\/posts\/4359\/revisions\/6873"}],"wp:featuredmedia":[{"embeddable":true,"href":"https:\/\/kastela.hr\/en\/wp-json\/wp\/v2\/media\/4360"}],"wp:attachment":[{"href":"https:\/\/kastela.hr\/en\/wp-json\/wp\/v2\/media?parent=4359"}],"wp:term":[{"taxonomy":"category","embeddable":true,"href":"https:\/\/kastela.hr\/en\/wp-json\/wp\/v2\/categories?post=4359"},{"taxonomy":"post_tag","embeddable":true,"href":"https:\/\/kastela.hr\/en\/wp-json\/wp\/v2\/tags?post=4359"}],"curies":[{"name":"wp","href":"https:\/\/api.w.org\/{rel}","templated":true}]}}