{"id":4345,"date":"2021-04-30T11:11:00","date_gmt":"2021-04-30T09:11:00","guid":{"rendered":"https:\/\/kastela.hr\/en\/2021\/04\/30\/ministar-oleg-butkovic-posjetio-kastela\/"},"modified":"2024-08-29T10:47:53","modified_gmt":"2024-08-29T08:47:53","slug":"ministar-oleg-butkovic-posjetio-kastela","status":"publish","type":"post","link":"https:\/\/kastela.hr\/en\/2021\/04\/30\/ministar-oleg-butkovic-posjetio-kastela\/","title":{"rendered":"Ministar Oleg Butkovi\u0107 posjetio Ka\u0161tela"},"content":{"rendered":"<p>Ministar Oleg Butkovi\u0107 nakon posjeta Omi\u0161u, stigao je na radni sastanak u Grad Ka\u0161tela i razgovarao s gradona\u010delnikom Denisom Ivanovi\u0107em. Pohvalio je suradnju Grada i ministarstva te istaknuo kako je veliki projekt ure\u0111enja luke u Ka\u0161tel Starom sjajno napredovao<\/p>\n<p>&#8211; Projekt izgradnje luke u Ka\u0161tel Starom provodi Lu\u010dka uprava Splitsko-dalmatinske \u017eupanije, a sufinancira ga ministarstvo i Grad. Moram kazati da izgradnja luke sjajno napreduje \u0161to se nadovezuje na ono \u0161to je Grad Ka\u0161tela ve\u0107 pripremio, a to je izgradnja jo\u0161 jedne rive od Ka\u0161tel Starog do Ka\u0161tel Novog &ndash; projekt vrijedan 50 milijuna kuna i to zaista veliki posao. S obzirom da na cijelom Jadranu provodimo &bdquo;renesansu hrvatske obale&ldquo; s 2 milijarde kuna ulaganja, ve\u0107inom europskih sredstava, projekt ure\u0111enja rive u Ka\u0161tel Novom je prihvatljiv i mi \u0107emo mu dati punu potporu &ndash; istaknuo je ministar Butkovi\u0107 i pohvalio dosada\u0161nji rad i zalaganje gradona\u010delnika<\/p>\n<p>Gradona\u010delnik Denis Ivanovi\u0107 je posebno naglasio pitanje dionice Ceste dr. Franje Tu\u0111mana koja vodi prema Zra\u010dnoj luci jer je to u nadle\u017enosti Hrvatskih cesta<\/p>\n<p>&#8211; Ve\u0107 neko vrijeme ovo \u010dekamo i izuzetno me veseli \u0161to je ministar potvrdio da je pokrenuta javna nabava za rekonstrukciju preostalog dijela ceste na podru\u010dju Resnika \u0161to je projekt vrijedan 25 milijuna kuna. Vjerujem da \u0107e biti izabran izvo\u0111a\u010d radova i da \u0107e ove jeseni zapo\u010deti radovi. Ono \u0161to nam je jo\u0161 sla\u0111e, to je podr\u0161ka ministarstva za izgradnju rive u Ka\u0161tel Novom, od nove lu\u010dice do kule Rotondo \u010dija \u0107e izgradnja potpuno promijeniti vizuru ovog dijela na\u0161ega grada &ndash; kazao je gradona\u010delnik Ivanovi\u0107.<\/p>\n","protected":false},"excerpt":{"rendered":"<p>Ministar Oleg Butkovi\u0107 nakon posjeta Omi\u0161u, stigao je na radni sastanak u Grad Ka\u0161tela i razgovarao s gradona\u010delnikom Denisom Ivanovi\u0107em. [&hellip;]<\/p>\n","protected":false},"author":7,"featured_media":4346,"comment_status":"closed","ping_status":"open","sticky":false,"template":"","format":"standard","meta":{"_acf_changed":false,"footnotes":""},"categories":[1],"tags":[],"class_list":["post-4345","post","type-post","status-publish","format-standard","has-post-thumbnail","hentry","category-novosti"],"acf":[],"_links":{"self":[{"href":"https:\/\/kastela.hr\/en\/wp-json\/wp\/v2\/posts\/4345","targetHints":{"allow":["GET"]}}],"collection":[{"href":"https:\/\/kastela.hr\/en\/wp-json\/wp\/v2\/posts"}],"about":[{"href":"https:\/\/kastela.hr\/en\/wp-json\/wp\/v2\/types\/post"}],"author":[{"embeddable":true,"href":"https:\/\/kastela.hr\/en\/wp-json\/wp\/v2\/users\/7"}],"replies":[{"embeddable":true,"href":"https:\/\/kastela.hr\/en\/wp-json\/wp\/v2\/comments?post=4345"}],"version-history":[{"count":1,"href":"https:\/\/kastela.hr\/en\/wp-json\/wp\/v2\/posts\/4345\/revisions"}],"predecessor-version":[{"id":6868,"href":"https:\/\/kastela.hr\/en\/wp-json\/wp\/v2\/posts\/4345\/revisions\/6868"}],"wp:featuredmedia":[{"embeddable":true,"href":"https:\/\/kastela.hr\/en\/wp-json\/wp\/v2\/media\/4346"}],"wp:attachment":[{"href":"https:\/\/kastela.hr\/en\/wp-json\/wp\/v2\/media?parent=4345"}],"wp:term":[{"taxonomy":"category","embeddable":true,"href":"https:\/\/kastela.hr\/en\/wp-json\/wp\/v2\/categories?post=4345"},{"taxonomy":"post_tag","embeddable":true,"href":"https:\/\/kastela.hr\/en\/wp-json\/wp\/v2\/tags?post=4345"}],"curies":[{"name":"wp","href":"https:\/\/api.w.org\/{rel}","templated":true}]}}