{"id":4335,"date":"2021-05-03T10:20:00","date_gmt":"2021-05-03T08:20:00","guid":{"rendered":"https:\/\/kastela.hr\/en\/2021\/05\/03\/grad-kastela-hortikulturno-ureduje-prometnice-u-blizini-zracne-luke\/"},"modified":"2024-08-29T10:47:53","modified_gmt":"2024-08-29T08:47:53","slug":"grad-kastela-hortikulturno-ureduje-prometnice-u-blizini-zracne-luke","status":"publish","type":"post","link":"https:\/\/kastela.hr\/en\/2021\/05\/03\/grad-kastela-hortikulturno-ureduje-prometnice-u-blizini-zracne-luke\/","title":{"rendered":"Grad Ka\u0161tela hortikulturno ure\u0111uje prometnice u blizini Zra\u010dne luke"},"content":{"rendered":"<p>U okviru proljetnog ure\u0111enja zelenih povr\u0161ina i prometnica, djelatnici Vlastitog pogona Grada Ka\u0161tela zapo\u010deli su s hortikulturnim ure\u0111enjem dijela Ceste dr. Franje Tu\u0111mana na podru\u010dju Resnika u blizini Zra\u010dne luke. Trenutno ure\u0111uju ju\u017enu stranu ceste gdje su posa\u0111ene palme, a slijedi \u010di\u0161\u0107enje trase i sijanje trave za \u0161to je dosad utro\u0161eno 150 tisu\u0107a kuna. Ovo je samo dio radova koji su obavljeni na ovom podru\u010dju, a Grad Ka\u0161tela sustavno svake godine odr\u017eava postoje\u0107e parkove te ure\u0111uje i pove\u0107ava zelene povr\u0161ine gdje god to prostorne mogu\u0107nosti dozvoljavaju.<\/p>\n<p>Godi\u0161nje se posadi izme\u0111u 200 i 300 novih stabala na javnim povr\u0161inama po cijelim Ka\u0161telima, najve\u0107im dijelom tamarina, kostela, murvi, \u010desmina, lovora, magnolija, borova i palmi.<\/p>\n<p>Tako\u0111er javne ustanove poput \u0161kola i vrti\u0107a, sade stabla i ure\u0111uju svoje vanjske povr\u0161ine i dvori\u0161ta. &nbsp;&nbsp;&nbsp;<\/p>\n<p>Osim javnih povr\u0161ina, po\u017eeljno je da stanovnici Ka\u0161tela po svojim vrtovima i dvori\u0161tima &nbsp;posade \u0161to ve\u0107i broj bilo ukrasnih stabala, bilo vo\u0107nih vrsta jer sve to stvara dodatnu, ljep\u0161u sliku grada i poma\u017ee u borbi protiv klimatskih promjena.<\/p>\n<p>&nbsp;<\/p>\n","protected":false},"excerpt":{"rendered":"<p>U okviru proljetnog ure\u0111enja zelenih povr\u0161ina i prometnica, djelatnici Vlastitog pogona Grada Ka\u0161tela zapo\u010deli su s hortikulturnim ure\u0111enjem dijela Ceste [&hellip;]<\/p>\n","protected":false},"author":7,"featured_media":4336,"comment_status":"closed","ping_status":"open","sticky":false,"template":"","format":"standard","meta":{"_acf_changed":false,"footnotes":""},"categories":[1],"tags":[],"class_list":["post-4335","post","type-post","status-publish","format-standard","has-post-thumbnail","hentry","category-novosti"],"acf":[],"_links":{"self":[{"href":"https:\/\/kastela.hr\/en\/wp-json\/wp\/v2\/posts\/4335","targetHints":{"allow":["GET"]}}],"collection":[{"href":"https:\/\/kastela.hr\/en\/wp-json\/wp\/v2\/posts"}],"about":[{"href":"https:\/\/kastela.hr\/en\/wp-json\/wp\/v2\/types\/post"}],"author":[{"embeddable":true,"href":"https:\/\/kastela.hr\/en\/wp-json\/wp\/v2\/users\/7"}],"replies":[{"embeddable":true,"href":"https:\/\/kastela.hr\/en\/wp-json\/wp\/v2\/comments?post=4335"}],"version-history":[{"count":1,"href":"https:\/\/kastela.hr\/en\/wp-json\/wp\/v2\/posts\/4335\/revisions"}],"predecessor-version":[{"id":6867,"href":"https:\/\/kastela.hr\/en\/wp-json\/wp\/v2\/posts\/4335\/revisions\/6867"}],"wp:featuredmedia":[{"embeddable":true,"href":"https:\/\/kastela.hr\/en\/wp-json\/wp\/v2\/media\/4336"}],"wp:attachment":[{"href":"https:\/\/kastela.hr\/en\/wp-json\/wp\/v2\/media?parent=4335"}],"wp:term":[{"taxonomy":"category","embeddable":true,"href":"https:\/\/kastela.hr\/en\/wp-json\/wp\/v2\/categories?post=4335"},{"taxonomy":"post_tag","embeddable":true,"href":"https:\/\/kastela.hr\/en\/wp-json\/wp\/v2\/tags?post=4335"}],"curies":[{"name":"wp","href":"https:\/\/api.w.org\/{rel}","templated":true}]}}