{"id":4321,"date":"2021-05-12T10:13:00","date_gmt":"2021-05-12T08:13:00","guid":{"rendered":"https:\/\/kastela.hr\/en\/2021\/05\/12\/grad-kastela-dobio-2-milijuna-kuna-iz-eu-fonda-za-izvaninstitucionalnu-skrb\/"},"modified":"2024-08-29T10:47:53","modified_gmt":"2024-08-29T08:47:53","slug":"grad-kastela-dobio-2-milijuna-kuna-iz-eu-fonda-za-izvaninstitucionalnu-skrb","status":"publish","type":"post","link":"https:\/\/kastela.hr\/en\/2021\/05\/12\/grad-kastela-dobio-2-milijuna-kuna-iz-eu-fonda-za-izvaninstitucionalnu-skrb\/","title":{"rendered":"Grad Ka\u0161tela dobio 2 milijuna kuna iz EU fonda za izvaninstitucionalnu skrb"},"content":{"rendered":"<p>Odlukom o financiranju Ministarstva rada, mirovinskog sustava, obitelji i socijalne skrbi, Gradu Ka\u0161tela je odobren projekt &#39;\u0160irenje usluga izvaninstitucionalne skrbi &ndash; Grad Ka\u0161tela&#39;. Projekt \u0107e se provoditi s partnerom Udrugom sveti Jeronim kroz dvije godine, a njegova ukupna vrijednost je ne\u0161to manja od 2 milijuna kuna i 100 % je sufinanciran iz Europskog socijalnog fonda.<\/p>\n<p>Projekt ima za cilj razvijati socijalne usluge u zajednici kako bi se smanjila socijalna isklju\u010denost i prevenirala institucionalizacija najranjivijih skupina u dru\u0161tvu.<\/p>\n<p>Projektom se namjerava obuhvatiti vi\u0161e ciljanih skupina (mlade do 25 godina, osobe s invaliditetom, i starije od 54 godine) , ukupno 40 korisnika, a cilj je svakoj skupini pru\u017eiti specifi\u010dne socijalne usluge koje \u0107e im izravno pomo\u0107i u ubla\u017eavanju te\u0161kog stanja populacije (pove\u0107ati \u0107e se njihova mobilnost, smanjiti dru\u0161tvena isklju\u010denost mladih kroz organizaciju klupskih aktivnosti, kroz razne edukacije prevladati informacijsku izoliranost, ponuditi razna socijalne usluge savjetovanja i pomaganja predvi\u0111ena projektom).<\/p>\n<p>Evaluacija projektnih aktivnosti utjecati \u0107e na izradu nove Strategije grada i dati smjer razvoja za pru\u017eanje socijalnih usluga u \u0161irem podru\u010dju grada, a sve u cilju pobolj\u0161anja i odr\u017eivosti usluga i nakon zavr\u0161etka projekta.<\/p>\n<p>Planiraju se provesti &#8211; javna kampanja s ciljem promocije procesa deinstitucionalizacije, konferencije o potrebama ulaganja u proces deinstitucionalizacije na lokalnoj razini, okrugli stolovi, javna rasprava, edukacije za organizacije civilnog dru\u0161tva, vi\u0161e desetaka radionica, organiziranje volonterskog programa za ciljane skupine, nabavka vozila za mobilni tim i osiguravanje prehrane za 20 najugro\u017eenijih korisnika s podru\u010dja Ka\u0161tela.<\/p>\n<p>&nbsp;<\/p>\n","protected":false},"excerpt":{"rendered":"<p>Odlukom o financiranju Ministarstva rada, mirovinskog sustava, obitelji i socijalne skrbi, Gradu Ka\u0161tela je odobren projekt &#39;\u0160irenje usluga izvaninstitucionalne skrbi [&hellip;]<\/p>\n","protected":false},"author":7,"featured_media":4322,"comment_status":"closed","ping_status":"open","sticky":false,"template":"","format":"standard","meta":{"_acf_changed":false,"footnotes":""},"categories":[1],"tags":[],"class_list":["post-4321","post","type-post","status-publish","format-standard","has-post-thumbnail","hentry","category-novosti"],"acf":[],"_links":{"self":[{"href":"https:\/\/kastela.hr\/en\/wp-json\/wp\/v2\/posts\/4321","targetHints":{"allow":["GET"]}}],"collection":[{"href":"https:\/\/kastela.hr\/en\/wp-json\/wp\/v2\/posts"}],"about":[{"href":"https:\/\/kastela.hr\/en\/wp-json\/wp\/v2\/types\/post"}],"author":[{"embeddable":true,"href":"https:\/\/kastela.hr\/en\/wp-json\/wp\/v2\/users\/7"}],"replies":[{"embeddable":true,"href":"https:\/\/kastela.hr\/en\/wp-json\/wp\/v2\/comments?post=4321"}],"version-history":[{"count":1,"href":"https:\/\/kastela.hr\/en\/wp-json\/wp\/v2\/posts\/4321\/revisions"}],"predecessor-version":[{"id":6865,"href":"https:\/\/kastela.hr\/en\/wp-json\/wp\/v2\/posts\/4321\/revisions\/6865"}],"wp:featuredmedia":[{"embeddable":true,"href":"https:\/\/kastela.hr\/en\/wp-json\/wp\/v2\/media\/4322"}],"wp:attachment":[{"href":"https:\/\/kastela.hr\/en\/wp-json\/wp\/v2\/media?parent=4321"}],"wp:term":[{"taxonomy":"category","embeddable":true,"href":"https:\/\/kastela.hr\/en\/wp-json\/wp\/v2\/categories?post=4321"},{"taxonomy":"post_tag","embeddable":true,"href":"https:\/\/kastela.hr\/en\/wp-json\/wp\/v2\/tags?post=4321"}],"curies":[{"name":"wp","href":"https:\/\/api.w.org\/{rel}","templated":true}]}}