{"id":4305,"date":"2021-05-14T03:53:00","date_gmt":"2021-05-14T01:53:00","guid":{"rendered":"https:\/\/kastela.hr\/en\/2021\/05\/14\/postavljeno-sedam-pametnih-klupa-i-vracen-sat-na-brce-u-kastel-stari\/"},"modified":"2024-08-29T10:47:53","modified_gmt":"2024-08-29T08:47:53","slug":"postavljeno-sedam-pametnih-klupa-i-vracen-sat-na-brce-u-kastel-stari","status":"publish","type":"post","link":"https:\/\/kastela.hr\/en\/2021\/05\/14\/postavljeno-sedam-pametnih-klupa-i-vracen-sat-na-brce-u-kastel-stari\/","title":{"rendered":"Postavljeno sedam pametnih klupa i vra\u0107en sat na Brce u Ka\u0161tel Stari"},"content":{"rendered":"<p>Prate\u0107i standarde oboga\u0107ivanja javnih sadr\u017eaja Grad Ka\u0161tela je naru\u010dio i postavio &nbsp;sedam &bdquo;pametnih&ldquo; solarnih klupa na javnim mjestima kroz svih sedam Ka\u0161tela. Klupe su postavljene po javnim povr\u0161inama na prostorima na kojima se okuplja ve\u0107i broj gra\u0111ana i sve vi\u0161e mladih, te svih koji imaju potrebu puniti mobilne ure\u0111aje i tablete.<\/p>\n<p>Dobavlja\u010d pametnih klupa je tvrtka Smart communications j.d.o.o., a ukupni tro\u0161kovi iznose 50 tisu\u0107a kuna.<\/p>\n<p>Grad Ka\u0161tela ovom prilikom moli sve&nbsp;sugra\u0111ane da \u010duvaju javnu komunalnu opremu jer je ona na korist i potrebu svih nas. &nbsp;&nbsp;<\/p>\n<p>U muzeju Grada Ka\u0161tela te u privatnim arhivima,&nbsp; postoje fotografije mjesnog&nbsp; brca i ku\u0107e Kapetanovi\u0107 iz 19. stolje\u0107a, na kojoj se nalazio javni sat sve do druge polovice 20. stolje\u0107a. Iz ovog razloga, ovu ku\u0107u stariji stanovnici Ka\u0161tel Staroga pamte kao Kapov Reloj.<\/p>\n<p>Nasljednici obitelji Kapetanovi\u0107, sada obitelj Jura\u0161in-Tadin, upravo su u fazi obnove i rekonstrukcije ove vrijedne zgrade.&nbsp; Na njihovu inicijativu i uz suglasnost konzervatora, Grad Ka\u0161tela je na pro\u010delje zgrade ponovno postavio javni sat, kao lijepu uspomenu na pro\u0161lo vrijeme i kao vrlo vrijedan javni sadr\u017eaj za budu\u0107e generacije.<\/p>\n<p>-Zahvaljujemo obitelji Jura\u0161in-Tadin na inicijativi i suglasnosti da se njihova ku\u0107a iskoristi za ovu namjenu. Radove postavljanja sata izvela&nbsp; je tvrtka Grivi d.o.o. iz Ka\u0161tel Kambelovca, a tro\u0161kovi iznose oko 25 tisu\u0107a kuna &ndash; poru\u010duje upravitelj Vlastitog pogona Ivan \u010cagalj<\/p>\n<p>&nbsp;<\/p>\n<p>&nbsp;<\/p>\n","protected":false},"excerpt":{"rendered":"<p>Prate\u0107i standarde oboga\u0107ivanja javnih sadr\u017eaja Grad Ka\u0161tela je naru\u010dio i postavio &nbsp;sedam &bdquo;pametnih&ldquo; solarnih klupa na javnim mjestima kroz svih [&hellip;]<\/p>\n","protected":false},"author":7,"featured_media":4306,"comment_status":"closed","ping_status":"open","sticky":false,"template":"","format":"standard","meta":{"_acf_changed":false,"footnotes":""},"categories":[1],"tags":[],"class_list":["post-4305","post","type-post","status-publish","format-standard","has-post-thumbnail","hentry","category-novosti"],"acf":[],"_links":{"self":[{"href":"https:\/\/kastela.hr\/en\/wp-json\/wp\/v2\/posts\/4305","targetHints":{"allow":["GET"]}}],"collection":[{"href":"https:\/\/kastela.hr\/en\/wp-json\/wp\/v2\/posts"}],"about":[{"href":"https:\/\/kastela.hr\/en\/wp-json\/wp\/v2\/types\/post"}],"author":[{"embeddable":true,"href":"https:\/\/kastela.hr\/en\/wp-json\/wp\/v2\/users\/7"}],"replies":[{"embeddable":true,"href":"https:\/\/kastela.hr\/en\/wp-json\/wp\/v2\/comments?post=4305"}],"version-history":[{"count":1,"href":"https:\/\/kastela.hr\/en\/wp-json\/wp\/v2\/posts\/4305\/revisions"}],"predecessor-version":[{"id":6863,"href":"https:\/\/kastela.hr\/en\/wp-json\/wp\/v2\/posts\/4305\/revisions\/6863"}],"wp:featuredmedia":[{"embeddable":true,"href":"https:\/\/kastela.hr\/en\/wp-json\/wp\/v2\/media\/4306"}],"wp:attachment":[{"href":"https:\/\/kastela.hr\/en\/wp-json\/wp\/v2\/media?parent=4305"}],"wp:term":[{"taxonomy":"category","embeddable":true,"href":"https:\/\/kastela.hr\/en\/wp-json\/wp\/v2\/categories?post=4305"},{"taxonomy":"post_tag","embeddable":true,"href":"https:\/\/kastela.hr\/en\/wp-json\/wp\/v2\/tags?post=4305"}],"curies":[{"name":"wp","href":"https:\/\/api.w.org\/{rel}","templated":true}]}}