{"id":4299,"date":"2021-05-19T10:07:00","date_gmt":"2021-05-19T08:07:00","guid":{"rendered":"https:\/\/kastela.hr\/en\/2021\/05\/19\/prijedlog-liste-reda-prvenstva-za-kupnju-stanova-prema-programu-pos-a-grada-kastela\/"},"modified":"2024-08-29T10:47:53","modified_gmt":"2024-08-29T08:47:53","slug":"prijedlog-liste-reda-prvenstva-za-kupnju-stanova-prema-programu-pos-a-grada-kastela","status":"publish","type":"post","link":"https:\/\/kastela.hr\/en\/2021\/05\/19\/prijedlog-liste-reda-prvenstva-za-kupnju-stanova-prema-programu-pos-a-grada-kastela\/","title":{"rendered":"Prijedlog liste reda prvenstva za kupnju stanova prema Programu POS-a Grada Ka\u0161tela"},"content":{"rendered":"<p>Grad Ka\u0161tela objavljuje Prijedlog liste reda prvenstva za kupnju stanova prema Programu POS-a. Nakon \u0161to je, temeljem Odluke o uvjetima, mjerilima i postupku za utvr\u0111ivanje reda prvenstva za kupnju stanova iz Programa dru\u0161tveno poticane stanogradnje (&quot;Slu\u017ebeni glasnik Grada Ka\u0161tela&quot;, broj 12\/20 i 18\/20) i Javnog poziva za prikupljanje zahtjeva za kupnju stanova iz Programa dru\u0161tveno poticane stanogradnje (POS) od 02. velja\u010de 2021. godine&nbsp;Povjerenstvo Grada Ka\u0161tela za utvr\u0111ivanje liste reda prvenstva i provedbu Programa dru\u0161tveno poticane stanogradnje bodovalo pristigle zahtjeve, utvrdilo je Prijedlog liste reda prvenstva za kupnju stana prema Programu POS-a.<\/p>\n<p>Temeljem \u010dlanka 24. Odluke o uvjetima, mjerilima i postupku za utvr\u0111ivanje reda prvenstva za kupnju stana iz Programa POS-a na podru\u010dju Grada Ka\u0161tela, podnositelj zahtjeva ima pravo prigovora na utvr\u0111eni redoslijed na Prijedlog liste reda prvenstva.<\/p>\n<p>Prigovor se podnosi Gradona\u010delniku, u roku od 8 dana od dana objave Prijedloga liste reda prvenstva na oglasnoj plo\u010di i internet stranici Grada Ka\u0161tela, putem Povjerenstva.<\/p>\n<p>Na prijedlog Povjerenstva, kona\u010dnu Listu utvr\u0111uje Gradona\u010delnik Ka\u0161tela nakon \u0161to donese Odluku po podnesenim prigovorima te se ista objavljuje na oglasnoj plo\u010di i slu\u017ebenoj stranici Grada Ka\u0161tela.<\/p>\n<p>Vi\u0161e informacija o privremenoj listi reda prvenstva za kupnju stanova prema programu POS-a mo\u017eete dobiti na broj <strong>021\/205 223<\/strong>.<\/p>\n<p>Prigovore mo\u017eete podnijeti na e &ndash; mail adresu <a href=\"mailto:maja.brkic@kastela.hr\">maja.brkic@kastela.hr<\/a><\/p>\n<p>&nbsp;<\/p>\n","protected":false},"excerpt":{"rendered":"<p>Grad Ka\u0161tela objavljuje Prijedlog liste reda prvenstva za kupnju stanova prema Programu POS-a. Nakon \u0161to je, temeljem Odluke o uvjetima, [&hellip;]<\/p>\n","protected":false},"author":7,"featured_media":4300,"comment_status":"closed","ping_status":"open","sticky":false,"template":"","format":"standard","meta":{"_acf_changed":false,"footnotes":""},"categories":[1],"tags":[],"class_list":["post-4299","post","type-post","status-publish","format-standard","has-post-thumbnail","hentry","category-novosti"],"acf":[],"_links":{"self":[{"href":"https:\/\/kastela.hr\/en\/wp-json\/wp\/v2\/posts\/4299","targetHints":{"allow":["GET"]}}],"collection":[{"href":"https:\/\/kastela.hr\/en\/wp-json\/wp\/v2\/posts"}],"about":[{"href":"https:\/\/kastela.hr\/en\/wp-json\/wp\/v2\/types\/post"}],"author":[{"embeddable":true,"href":"https:\/\/kastela.hr\/en\/wp-json\/wp\/v2\/users\/7"}],"replies":[{"embeddable":true,"href":"https:\/\/kastela.hr\/en\/wp-json\/wp\/v2\/comments?post=4299"}],"version-history":[{"count":1,"href":"https:\/\/kastela.hr\/en\/wp-json\/wp\/v2\/posts\/4299\/revisions"}],"predecessor-version":[{"id":6861,"href":"https:\/\/kastela.hr\/en\/wp-json\/wp\/v2\/posts\/4299\/revisions\/6861"}],"wp:featuredmedia":[{"embeddable":true,"href":"https:\/\/kastela.hr\/en\/wp-json\/wp\/v2\/media\/4300"}],"wp:attachment":[{"href":"https:\/\/kastela.hr\/en\/wp-json\/wp\/v2\/media?parent=4299"}],"wp:term":[{"taxonomy":"category","embeddable":true,"href":"https:\/\/kastela.hr\/en\/wp-json\/wp\/v2\/categories?post=4299"},{"taxonomy":"post_tag","embeddable":true,"href":"https:\/\/kastela.hr\/en\/wp-json\/wp\/v2\/tags?post=4299"}],"curies":[{"name":"wp","href":"https:\/\/api.w.org\/{rel}","templated":true}]}}