{"id":4290,"date":"2021-05-27T09:40:00","date_gmt":"2021-05-27T07:40:00","guid":{"rendered":"https:\/\/kastela.hr\/en\/2021\/05\/27\/radovi-na-kolektorima-u-kastel-kambelovcu\/"},"modified":"2024-08-29T10:47:53","modified_gmt":"2024-08-29T08:47:53","slug":"radovi-na-kolektorima-u-kastel-kambelovcu","status":"publish","type":"post","link":"https:\/\/kastela.hr\/en\/2021\/05\/27\/radovi-na-kolektorima-u-kastel-kambelovcu\/","title":{"rendered":"Radovi na kolektorima u Ka\u0161tel Kambelovcu"},"content":{"rendered":"<p>Prema Ugovoru o radovima na izgradnji dijela sekundarne i kanalizacijske mre\u017ee na podru\u010dju grada Ka\u0161tela projekta aglomeracije Ka\u0161tela-Trogir, Vodovod i kanalizacija Split obavje\u0161tava gra\u0111ane kako planiraju zapo\u010deti s radovima na kolektorima u Ka\u0161tel Kambelovcu.<\/p>\n<p>Izvo\u0111a\u010d radova, tvrtka STRABAG planira zapo\u010deti radove na kolektoru F-124.1; F-124.2 ulica Pridilo i F-124 ulica Lapoti\u0107i (samo makadamski dio ulice) u &nbsp;petak, &nbsp;28. svibnja.<\/p>\n<p>U petak bi izvodili pripremne radova, a u ponedjeljak bi zapo\u010deli s iskopom kolektora pa bi dio ulice bio neprohodan.<\/p>\n<p>VIK moli stanovnike navedenih ulica da u skladu s po\u010detkom radova podnesu Zahtjev za priklju\u010denje.&nbsp;<\/p>\n","protected":false},"excerpt":{"rendered":"<p>Prema Ugovoru o radovima na izgradnji dijela sekundarne i kanalizacijske mre\u017ee na podru\u010dju grada Ka\u0161tela projekta aglomeracije Ka\u0161tela-Trogir, Vodovod i [&hellip;]<\/p>\n","protected":false},"author":7,"featured_media":4291,"comment_status":"closed","ping_status":"open","sticky":false,"template":"","format":"standard","meta":{"_acf_changed":false,"footnotes":""},"categories":[1],"tags":[],"class_list":["post-4290","post","type-post","status-publish","format-standard","has-post-thumbnail","hentry","category-novosti"],"acf":[],"_links":{"self":[{"href":"https:\/\/kastela.hr\/en\/wp-json\/wp\/v2\/posts\/4290","targetHints":{"allow":["GET"]}}],"collection":[{"href":"https:\/\/kastela.hr\/en\/wp-json\/wp\/v2\/posts"}],"about":[{"href":"https:\/\/kastela.hr\/en\/wp-json\/wp\/v2\/types\/post"}],"author":[{"embeddable":true,"href":"https:\/\/kastela.hr\/en\/wp-json\/wp\/v2\/users\/7"}],"replies":[{"embeddable":true,"href":"https:\/\/kastela.hr\/en\/wp-json\/wp\/v2\/comments?post=4290"}],"version-history":[{"count":1,"href":"https:\/\/kastela.hr\/en\/wp-json\/wp\/v2\/posts\/4290\/revisions"}],"predecessor-version":[{"id":6857,"href":"https:\/\/kastela.hr\/en\/wp-json\/wp\/v2\/posts\/4290\/revisions\/6857"}],"wp:featuredmedia":[{"embeddable":true,"href":"https:\/\/kastela.hr\/en\/wp-json\/wp\/v2\/media\/4291"}],"wp:attachment":[{"href":"https:\/\/kastela.hr\/en\/wp-json\/wp\/v2\/media?parent=4290"}],"wp:term":[{"taxonomy":"category","embeddable":true,"href":"https:\/\/kastela.hr\/en\/wp-json\/wp\/v2\/categories?post=4290"},{"taxonomy":"post_tag","embeddable":true,"href":"https:\/\/kastela.hr\/en\/wp-json\/wp\/v2\/tags?post=4290"}],"curies":[{"name":"wp","href":"https:\/\/api.w.org\/{rel}","templated":true}]}}