{"id":4268,"date":"2021-05-28T08:06:00","date_gmt":"2021-05-28T06:06:00","guid":{"rendered":"https:\/\/kastela.hr\/en\/2021\/05\/28\/sretan-dan-drzavnosti-republike-hrvatske-3\/"},"modified":"2024-08-29T10:47:53","modified_gmt":"2024-08-29T08:47:53","slug":"sretan-dan-drzavnosti-republike-hrvatske-3","status":"publish","type":"post","link":"https:\/\/kastela.hr\/en\/2021\/05\/28\/sretan-dan-drzavnosti-republike-hrvatske-3\/","title":{"rendered":"Sretan Dan dr\u017eavnosti Republike Hrvatske"},"content":{"rendered":"<p>Dan dr\u017eavnosti obilje\u017eava se u spomen na konstituiranje prvoga demokratski izabranog vi\u0161estrana\u010dkog Sabora 30. svibnja 1990. godine.&nbsp;&nbsp;<\/p>\n<p>Izabrani zastupnici tada su na konstituiranju novoga Sabora Socijalisti\u010dke Republike Hrvatske, kojem su nazo\u010dili i brojni gosti iz domovinske i iseljene Hrvatske i predstavnici vjerskih zajednica, izabrali za predsjednika Sabora \u017darka Domljana, za potpredsjednike Ivicu Percana, Stjepana Sulimanca i Vladimira \u0160eksa.&nbsp;<\/p>\n<p>Za predsjednika Izvr\u0161nog vije\u0107a Sabora izabran je Stjepan Mesi\u0107, a za predsjednika Predsjedni\u0161tva Socijalisti\u010dke Republike Hrvatske Franjo Tu\u0111man koji je u svom prvom govoru pred novoizabranim zastupnicima naglasio kako konstituiranje prvog vi\u0161estrana\u010dkog Sabora predstavlja prvi korak na povratku hrvatskoga naroda i njegove dr\u017eave europskoj civilizacijskoj, politi\u010dkoj, kulturnoj i gospodarskoj tradiciji.&nbsp;<\/p>\n<p>Od &nbsp;dono\u0161enja Zakona o izmjenama i dopuni Zakona o blagdanima, spomendanu i neradnim danima u Republici Hrvatskoj 2001. godine sve do 2020. taj se dan obilje\u017eavao kao Dan Hrvatskoga sabora. Dono\u0161enjem novoga Zakona o blagdanima, spomendanima i neradnim danima u Republici Hrvatskoj &nbsp;u studenome 2019., koji se primjenjuje od 1. sije\u010dnja 2020., 30. svibnja ponovno se, kao i prije 2001. godine, obilje\u017eava kao Dan dr\u017eavnosti Republike Hrvatske.<\/p>\n<p>Ne zaboravljamo te\u0161ki put, koji smo morali pro\u0107i da bi danas imali neovisnu i samostalnu dr\u017eavu. U svakom trenutku, s du\u017enim po\u0161tovanjem i zahvalom, prisje\u0107amo se onih koji su utkali svoje \u017eivote u temelje hrvatske dr\u017eavnosti, prvenstveno hrvatskih branitelja i prvog predsjednika dr. Franje Tu\u0111mana. Zahvaljuju\u0107i njihovoj \u017ertvi, danas dalje gradimo slobodnu dr\u017eavu, dr\u017eavu jednakosti i tolerancije, solidarnosti, zajedni\u0161tva i socijalne pravde. Svim Ka\u0161telankama i Ka\u0161telanima \u017eelim sretan Dan dr\u017eavnosti Republike Hrvatske<\/p>\n<p>\nDenis Ivanovi\u0107, gradona\u010delnik Ka\u0161tela<\/p>\n","protected":false},"excerpt":{"rendered":"<p>Dan dr\u017eavnosti obilje\u017eava se u spomen na konstituiranje prvoga demokratski izabranog vi\u0161estrana\u010dkog Sabora 30. svibnja 1990. godine.&nbsp;&nbsp; Izabrani zastupnici tada [&hellip;]<\/p>\n","protected":false},"author":7,"featured_media":4269,"comment_status":"closed","ping_status":"open","sticky":false,"template":"","format":"standard","meta":{"_acf_changed":false,"footnotes":""},"categories":[1],"tags":[],"class_list":["post-4268","post","type-post","status-publish","format-standard","has-post-thumbnail","hentry","category-novosti"],"acf":[],"_links":{"self":[{"href":"https:\/\/kastela.hr\/en\/wp-json\/wp\/v2\/posts\/4268","targetHints":{"allow":["GET"]}}],"collection":[{"href":"https:\/\/kastela.hr\/en\/wp-json\/wp\/v2\/posts"}],"about":[{"href":"https:\/\/kastela.hr\/en\/wp-json\/wp\/v2\/types\/post"}],"author":[{"embeddable":true,"href":"https:\/\/kastela.hr\/en\/wp-json\/wp\/v2\/users\/7"}],"replies":[{"embeddable":true,"href":"https:\/\/kastela.hr\/en\/wp-json\/wp\/v2\/comments?post=4268"}],"version-history":[{"count":1,"href":"https:\/\/kastela.hr\/en\/wp-json\/wp\/v2\/posts\/4268\/revisions"}],"predecessor-version":[{"id":6855,"href":"https:\/\/kastela.hr\/en\/wp-json\/wp\/v2\/posts\/4268\/revisions\/6855"}],"wp:featuredmedia":[{"embeddable":true,"href":"https:\/\/kastela.hr\/en\/wp-json\/wp\/v2\/media\/4269"}],"wp:attachment":[{"href":"https:\/\/kastela.hr\/en\/wp-json\/wp\/v2\/media?parent=4268"}],"wp:term":[{"taxonomy":"category","embeddable":true,"href":"https:\/\/kastela.hr\/en\/wp-json\/wp\/v2\/categories?post=4268"},{"taxonomy":"post_tag","embeddable":true,"href":"https:\/\/kastela.hr\/en\/wp-json\/wp\/v2\/tags?post=4268"}],"curies":[{"name":"wp","href":"https:\/\/api.w.org\/{rel}","templated":true}]}}