{"id":4252,"date":"2021-06-17T06:24:00","date_gmt":"2021-06-17T04:24:00","guid":{"rendered":"https:\/\/kastela.hr\/en\/2021\/06\/17\/video-odrzana-konstituirajuca-1-sjednica-gradskog-vijeca\/"},"modified":"2024-08-29T10:47:53","modified_gmt":"2024-08-29T08:47:53","slug":"video-odrzana-konstituirajuca-1-sjednica-gradskog-vijeca","status":"publish","type":"post","link":"https:\/\/kastela.hr\/en\/2021\/06\/17\/video-odrzana-konstituirajuca-1-sjednica-gradskog-vijeca\/","title":{"rendered":"VIDEO: Odr\u017eana konstituiraju\u0107a (1.) sjednica gradskog vije\u0107a"},"content":{"rendered":"<p>Konstituiran je novi saziv Gradskog vije\u0107a Grada Ka\u0161tela. Rije\u010d je o osmom sazivu Vije\u0107a, kojim \u0107e ponovno predsjedavati Ivan Udovi\u010di\u0107 (HDZ). Za potpredsjednike su izabrani Doris Grgurin (HDZ) i Goran Samard\u017ei\u0107 (Lista grupe bira\u010da nositelja Josipa Berketa).<\/p>\n<p>Umjesto dosada\u0161njih 25, u ovom mandatu Vije\u0107e broji 21 vije\u0107nika koji su prisegnuli na novu du\u017enost. Vladaju\u0107u ve\u0107inu i u ovom sazivu imaju vije\u0107nici HDZ-a: Grgica Benuti\u0107, Luka Pera, Teo Antunovi\u0107, Mili Novak, Nela Kelam, Antonija Topi\u0107, Bo\u0161ko D\u017eoli\u0107, Doris Grgurin i Branimir Matijaca. Lista grupe bira\u010da nositelja Josipa Berketa ima 3 vije\u0107nika: Josip Berket, Meri \u0160kopljanac Gagi\u0107 i Goran Samard\u017ei\u0107. MOST je dobio dva vije\u0107nika Nik\u0161u Tranfi\u0107a i Miliju Baldi\u0107 Luk\u0161i\u0107. Domovinski pokret ima jednog vije\u0107nika Dra\u0161ka Kuli\u0161a, a HSP dva &ndash; \u017deljana Jurlina i Antu Komljena. Nezavisna lista i Akcija mladih imaju vije\u0107nika Marija Serajli\u0107a dok SDP ima vije\u0107nika Marija Banovca.<\/p>\n<p>Na ovoj prvoj sjednici izabrani su i \u010dlanovi Odbora za izbor i imenovanja, a to su predsjednik Teo Antunovi\u0107 te Branimir Matijaca, Antonija Topi\u0107, \u017deljan Jurlin i Mario Banovac, kao i Odbora za Statut, Poslovnik i normativnu djelatnost, a to su predsjednik Mario \u0160kopljanac, zamjenik Bo\u0161ko D\u017eoli\u0107 i \u010dlanovi Doris Grgurin, Luka Pera, Mario Serajli\u0107, Meri \u0160kopljanac &#8211; Gagi\u0107 i Milija Baldi\u0107 &ndash; Luk\u0161i\u0107.<\/p>\n<p>&nbsp;<\/p>\n<p>&nbsp;<\/p>\n","protected":false},"excerpt":{"rendered":"<p>Konstituiran je novi saziv Gradskog vije\u0107a Grada Ka\u0161tela. Rije\u010d je o osmom sazivu Vije\u0107a, kojim \u0107e ponovno predsjedavati Ivan Udovi\u010di\u0107 [&hellip;]<\/p>\n","protected":false},"author":7,"featured_media":4253,"comment_status":"closed","ping_status":"open","sticky":false,"template":"","format":"standard","meta":{"_acf_changed":false,"footnotes":""},"categories":[1],"tags":[],"class_list":["post-4252","post","type-post","status-publish","format-standard","has-post-thumbnail","hentry","category-novosti"],"acf":[],"_links":{"self":[{"href":"https:\/\/kastela.hr\/en\/wp-json\/wp\/v2\/posts\/4252","targetHints":{"allow":["GET"]}}],"collection":[{"href":"https:\/\/kastela.hr\/en\/wp-json\/wp\/v2\/posts"}],"about":[{"href":"https:\/\/kastela.hr\/en\/wp-json\/wp\/v2\/types\/post"}],"author":[{"embeddable":true,"href":"https:\/\/kastela.hr\/en\/wp-json\/wp\/v2\/users\/7"}],"replies":[{"embeddable":true,"href":"https:\/\/kastela.hr\/en\/wp-json\/wp\/v2\/comments?post=4252"}],"version-history":[{"count":1,"href":"https:\/\/kastela.hr\/en\/wp-json\/wp\/v2\/posts\/4252\/revisions"}],"predecessor-version":[{"id":6852,"href":"https:\/\/kastela.hr\/en\/wp-json\/wp\/v2\/posts\/4252\/revisions\/6852"}],"wp:featuredmedia":[{"embeddable":true,"href":"https:\/\/kastela.hr\/en\/wp-json\/wp\/v2\/media\/4253"}],"wp:attachment":[{"href":"https:\/\/kastela.hr\/en\/wp-json\/wp\/v2\/media?parent=4252"}],"wp:term":[{"taxonomy":"category","embeddable":true,"href":"https:\/\/kastela.hr\/en\/wp-json\/wp\/v2\/categories?post=4252"},{"taxonomy":"post_tag","embeddable":true,"href":"https:\/\/kastela.hr\/en\/wp-json\/wp\/v2\/tags?post=4252"}],"curies":[{"name":"wp","href":"https:\/\/api.w.org\/{rel}","templated":true}]}}