{"id":4243,"date":"2021-06-21T03:27:00","date_gmt":"2021-06-21T01:27:00","guid":{"rendered":"https:\/\/kastela.hr\/en\/2021\/06\/21\/tradicionalno-druzenje-branitelja-i-prijatelja-141-brigade-hrvatske-vojske\/"},"modified":"2024-08-29T10:47:53","modified_gmt":"2024-08-29T08:47:53","slug":"tradicionalno-druzenje-branitelja-i-prijatelja-141-brigade-hrvatske-vojske","status":"publish","type":"post","link":"https:\/\/kastela.hr\/en\/2021\/06\/21\/tradicionalno-druzenje-branitelja-i-prijatelja-141-brigade-hrvatske-vojske\/","title":{"rendered":"Tradicionalno dru\u017eenje branitelja i prijatelja 141. brigade Hrvatske vojske"},"content":{"rendered":"<p>U subotu je odr\u017eano tradicionalno okupljanje hrvatskih branitelja, koji su svoj ratni put pro\u0161li kao pripadnici 141. brigade. Nakon paljenja svije\u0107a kod spomen kri\u017ea na Mala\u010dkoj, nastavljeno je dru\u017eenje na OPG-u &ldquo;\u0160umska kraljica&rdquo; u Rado\u0161i\u0107u koje je organizirala Udruga veterana i prijatelja 141. brigade.<\/p>\n<p>Nekada\u0161nji suborci, predstavnici udruga roditelja i udovica poginulih branitelja Domovinskog rata, kao i brojni prijatelji u dru\u0161tvu gradona\u010delnika Denisa Ivanovi\u0107a okupili su se na Mala\u010dkoj kako bi dru\u017eenje zapo\u010deli zajedni\u010dkom molitvom te polaganjem cvije\u0107a i paljenjem svije\u0107a pred Centralnim kri\u017eem, za sve svoje poginule i nestale suborce.<\/p>\n<p>Dru\u017eenje je potom nastavljeno na OPG-u &ldquo;\u0160umska kraljica&rdquo; u Rado\u0161i\u0107u uz prisje\u0107anje na ratne dane, brojne tragi\u010dne, ali i vesele trenutke, dio atmosfere s ovog dru\u017eenja mo\u017eete vidjeti na fotografijama Ante Leke.<\/p>\n<p>Tekst: PGK<\/p>\n","protected":false},"excerpt":{"rendered":"<p>U subotu je odr\u017eano tradicionalno okupljanje hrvatskih branitelja, koji su svoj ratni put pro\u0161li kao pripadnici 141. brigade. Nakon paljenja [&hellip;]<\/p>\n","protected":false},"author":7,"featured_media":4244,"comment_status":"closed","ping_status":"open","sticky":false,"template":"","format":"standard","meta":{"_acf_changed":false,"footnotes":""},"categories":[1],"tags":[],"class_list":["post-4243","post","type-post","status-publish","format-standard","has-post-thumbnail","hentry","category-novosti"],"acf":[],"_links":{"self":[{"href":"https:\/\/kastela.hr\/en\/wp-json\/wp\/v2\/posts\/4243","targetHints":{"allow":["GET"]}}],"collection":[{"href":"https:\/\/kastela.hr\/en\/wp-json\/wp\/v2\/posts"}],"about":[{"href":"https:\/\/kastela.hr\/en\/wp-json\/wp\/v2\/types\/post"}],"author":[{"embeddable":true,"href":"https:\/\/kastela.hr\/en\/wp-json\/wp\/v2\/users\/7"}],"replies":[{"embeddable":true,"href":"https:\/\/kastela.hr\/en\/wp-json\/wp\/v2\/comments?post=4243"}],"version-history":[{"count":1,"href":"https:\/\/kastela.hr\/en\/wp-json\/wp\/v2\/posts\/4243\/revisions"}],"predecessor-version":[{"id":6851,"href":"https:\/\/kastela.hr\/en\/wp-json\/wp\/v2\/posts\/4243\/revisions\/6851"}],"wp:featuredmedia":[{"embeddable":true,"href":"https:\/\/kastela.hr\/en\/wp-json\/wp\/v2\/media\/4244"}],"wp:attachment":[{"href":"https:\/\/kastela.hr\/en\/wp-json\/wp\/v2\/media?parent=4243"}],"wp:term":[{"taxonomy":"category","embeddable":true,"href":"https:\/\/kastela.hr\/en\/wp-json\/wp\/v2\/categories?post=4243"},{"taxonomy":"post_tag","embeddable":true,"href":"https:\/\/kastela.hr\/en\/wp-json\/wp\/v2\/tags?post=4243"}],"curies":[{"name":"wp","href":"https:\/\/api.w.org\/{rel}","templated":true}]}}