{"id":4240,"date":"2021-06-23T08:58:00","date_gmt":"2021-06-23T06:58:00","guid":{"rendered":"https:\/\/kastela.hr\/en\/2021\/06\/23\/utjecaj-klimatskih-promjena-na-podrucje-rijeke-jadro-i-kastelanski-zaljev\/"},"modified":"2024-08-29T10:47:53","modified_gmt":"2024-08-29T08:47:53","slug":"utjecaj-klimatskih-promjena-na-podrucje-rijeke-jadro-i-kastelanski-zaljev","status":"publish","type":"post","link":"https:\/\/kastela.hr\/en\/2021\/06\/23\/utjecaj-klimatskih-promjena-na-podrucje-rijeke-jadro-i-kastelanski-zaljev\/","title":{"rendered":"Utjecaj klimatskih promjena na podru\u010dje rijeke Jadro i Ka\u0161telanski zaljev"},"content":{"rendered":"<p>U dvorcu Vitturi u Ka\u0161tel Luk\u0161i\u0107u, odr\u017eana je prva radionica na temu &bdquo;Utjecaj klimatskih promjena na podru\u010dje rijeke Jadro i Ka\u0161telanski zaljev&ldquo;. Ovo je prva od tri planirane radionice s dionicima koje se provode u okviru izrade Plana prilagodbe na klimatske promjene za podru\u010dje rijeke Jadro i Ka\u0161telanski zaljev, a za \u010diju izradu je zadu\u017een Fakultet gra\u0111evinarstva, arhitekture i geodezije u Splitu. Plan se izra\u0111uje u okviru pilot aktivnosti Interreg projekta Change we care, s ciljem preno\u0161enja najnovijih znanja o klimatskim promjenama na kreatore politika (planere, tijela za za\u0161titu prirode, lokalne i regionalne vlasti), a za potrebe procjene prilagodbe na klimatske promjene i planiranje mogu\u0107ih mjera prilagodbe. Naru\u010ditelj Plana je Javna ustanova RERA S.D. koja je jedan od partnera na projektu Change we care.<\/p>\n<p>Voditelj projekta Change we care, Mili Novak iz Javne ustanove RERA S.D. predstavio je prisutnima sami projekt te istakao njegov glavni cilj koji je pru\u017eanje integriranog pristupa, zasnovanog na ekosustavu i mogu\u0107nosti zajedni\u010dkog planiranja za razli\u010dite probleme povezane s klimatskim promjenama, zajedno s mjerama prilagodbe za osjetljiva podru\u010dja s dionicima, koje bi im mogle najbolje koristiti. Projekt je financiran iz programa prekograni\u010dne suradnje INTERREG V-A Italija &ndash; Hrvatska 2014.-2020. a ukupna mu je vrijednost 2.700.780 &euro;. Projekt istra\u017euje klimatske rizike s kojima se suo\u010davaju priobalna i tranzicijska podru\u010dja s ciljem boljeg razumijevanja utjecaja klimatske varijabilnosti na vodne re\u017eime, prodor soli, turizam, biolo\u0161ku raznolikosti i agro-ekosustave u projektnom podru\u010dju.<\/p>\n<p>Martina Bau\u010di\u0107 (FGAG) u svom uvodnom izlaganju istakla je va\u017enost integralnog upravljanja obalnim podru\u010djem te va\u017enost njegova o\u010duvanja za sada\u0161nje i budu\u0107e generacije. Tako\u0111er, putem racionalnog planiranja aktivnosti omogu\u0107iti odr\u017eivi razvoj obalnih podru\u010dja te va\u017enost postizanja koherentnosti izme\u0111u javnih i privatnih inicijativa i izme\u0111u svih odluka tijela javne vlasti na lokalnoj, regionalnoj i nacionalnoj razini.&nbsp;<\/p>\n<p>U okviru izlaganja Jure Margete i Ane Grgi\u0107 (FGAG) napravljen je presjek trenutnog stanja u prostoru topografskog sliva rijeke Jadro, stanja voda i prostornog razvoja te istaknuta problematika u svijetlu klimatskih promjena s ciljem o\u010duvanja i pobolj\u0161anja kvalitete \u017eivljenja, kroz o\u010duvanje voda i prirodnog okoli\u0161a. Rijeka Jadro predstavlja plavo zeleno srce Solina i okosnicu urbanog \u017eivota gra\u0111ana, a na\u017ealost njen potencijal nije u potpunosti iskori\u0161ten. Nedostaje kontinuirana \u0161etnica uz rijeku, adekvatan pristup moru, odnosno u\u0161\u0107u te povezivanje klju\u010dnih to\u010daka od kulturno-povijesne va\u017enosti. Nadalje, potrebno je posebnu pa\u017enju posvetiti za\u0161titi u\u0161\u0107a kao najranjivijjeg dijela rijeke, podlo\u017enog obalnom plavljenju, koncentarciji sedimenata i one\u010di\u0161\u0107enjima iz cijelog sliva a predstavlja najvrijedniji dio prirodnog okoli\u0161a u smislu biolo\u0161ke raznolikosti.<\/p>\n<p>Kroz izradu Plana prilagodbe bit \u0107e izra\u0111ene smjernice za o\u010duvanje kvalitete vode, prirodnog okoli\u0161a i kvalitete \u017eivljenja kroz kontroliranu urbanizaciju. Sve navedeno mo\u017ee se posti\u0107i kroz&nbsp; o\u010duvanje postoje\u0107ih i izgradnju novih zelenih povr\u0161ina, izgradnju i ure\u0111enje novih zahvata u prostoru uz pomnu pa\u017enju na parametrima za osiguranje vodopropusnosti gra\u0111evinskih \u010destica, afirmiranja zelenih tipologija izgradnje (vrtovi, zelene terase i krovovi, itd.), revidiranja smjernica iz prostorno planske dokumenatcije za gusto\u0107u izgra\u0111enosti s ciljem osloba\u0111anja prostora.<\/p>\n<p>Na radionici su bili prisutni predstavnici jedinica lokalne samouprave gradova Ka\u0161tela i Solin te op\u0107ine Klis,&nbsp; predstavnici Hrvatskih \u0161uma i Hrvatskih voda, Vodovoda i kanalizacija, partner na projektu Institut za oceanografiju i ribarstvo te privatni poduzetnici koji su tijekom diskusije davali svoje sugestije i prijedloge s ciljem izrade \u0161to boljeg i konstruktivnijeg Plana prilagodbe na klimatske promjene za ovo pilot podru\u010dje.<\/p>\n<p>Nakon ove radionice planirane su jo\u0161 dvije a pod nazivima: &bdquo;Scenariji adaptacijskih mjera&ldquo; (2.radionica) i &bdquo;Predstavljanje akcijskog plana&ldquo; (3.radionica).<\/p>\n<p>&nbsp;<\/p>\n","protected":false},"excerpt":{"rendered":"<p>U dvorcu Vitturi u Ka\u0161tel Luk\u0161i\u0107u, odr\u017eana je prva radionica na temu &bdquo;Utjecaj klimatskih promjena na podru\u010dje rijeke Jadro i [&hellip;]<\/p>\n","protected":false},"author":7,"featured_media":4241,"comment_status":"closed","ping_status":"open","sticky":false,"template":"","format":"standard","meta":{"_acf_changed":false,"footnotes":""},"categories":[1],"tags":[],"class_list":["post-4240","post","type-post","status-publish","format-standard","has-post-thumbnail","hentry","category-novosti"],"acf":[],"_links":{"self":[{"href":"https:\/\/kastela.hr\/en\/wp-json\/wp\/v2\/posts\/4240","targetHints":{"allow":["GET"]}}],"collection":[{"href":"https:\/\/kastela.hr\/en\/wp-json\/wp\/v2\/posts"}],"about":[{"href":"https:\/\/kastela.hr\/en\/wp-json\/wp\/v2\/types\/post"}],"author":[{"embeddable":true,"href":"https:\/\/kastela.hr\/en\/wp-json\/wp\/v2\/users\/7"}],"replies":[{"embeddable":true,"href":"https:\/\/kastela.hr\/en\/wp-json\/wp\/v2\/comments?post=4240"}],"version-history":[{"count":1,"href":"https:\/\/kastela.hr\/en\/wp-json\/wp\/v2\/posts\/4240\/revisions"}],"predecessor-version":[{"id":6850,"href":"https:\/\/kastela.hr\/en\/wp-json\/wp\/v2\/posts\/4240\/revisions\/6850"}],"wp:featuredmedia":[{"embeddable":true,"href":"https:\/\/kastela.hr\/en\/wp-json\/wp\/v2\/media\/4241"}],"wp:attachment":[{"href":"https:\/\/kastela.hr\/en\/wp-json\/wp\/v2\/media?parent=4240"}],"wp:term":[{"taxonomy":"category","embeddable":true,"href":"https:\/\/kastela.hr\/en\/wp-json\/wp\/v2\/categories?post=4240"},{"taxonomy":"post_tag","embeddable":true,"href":"https:\/\/kastela.hr\/en\/wp-json\/wp\/v2\/tags?post=4240"}],"curies":[{"name":"wp","href":"https:\/\/api.w.org\/{rel}","templated":true}]}}