{"id":4237,"date":"2021-06-24T04:27:00","date_gmt":"2021-06-24T02:27:00","guid":{"rendered":"https:\/\/kastela.hr\/en\/2021\/06\/24\/nostalgija-kastela-2021-od-25-do-29-lipnja-u-kastel-novom\/"},"modified":"2024-08-29T10:47:53","modified_gmt":"2024-08-29T08:47:53","slug":"nostalgija-kastela-2021-od-25-do-29-lipnja-u-kastel-novom","status":"publish","type":"post","link":"https:\/\/kastela.hr\/en\/2021\/06\/24\/nostalgija-kastela-2021-od-25-do-29-lipnja-u-kastel-novom\/","title":{"rendered":"\u201cNostalgija\u201d \u2013 Ka\u0161tela 2021, od 25. do 29. lipnja u Ka\u0161tel Novom"},"content":{"rendered":"<p>Dani tradicije &ldquo;Nostalgija&rdquo; &ndash; Ka\u0161tela 2021, odr\u017eat \u0107e se&nbsp; od 25. do 29. lipnja&nbsp; u Ka\u0161tel Novom u organizaciji TZG Ka\u0161tela, suorganizaciji udruge \u0160u\u0161ur, a pod pokroviteljstvom Grada Ka\u0161tela, \u017dupanije splitsko-dalmatinske, TZ Splitsko-dalmatinske \u017eupanije, Ministarstva regionalnog razvoja i EU fondova, Ministarstva&nbsp; turizma, Cemex Hrvatska d.o.o.&nbsp;<\/p>\n<p>U cilju&nbsp; o\u010duvanja i promocije bogatstva ka\u0161telanske i hrvatske ba\u0161tine i produ\u017eenja turisti\u010dke sezone, Turisti\u010dka zajednica grada Ka\u0161tela u suradnju s Udrugom za promicanje kvalitete \u017eivota, kulturnih vrijednosti i ba\u0161tine \u0160u\u0161ur, zapo\u010dela je&nbsp; s organizacijom manifestacije &bdquo;Nostalgija &ndash; Dani tradicije Ka\u0161tela&ldquo; od 2010 godine.<\/p>\n<p>Kako se ne bi prekinula tradicija odr\u017eavanja ove manifestacije, ovogodi\u0161nja doga\u0111anja odr\u017eat \u0107e se prema preporukama &nbsp;Nacionalnog sto\u017eera civilne za\u0161tite u ne\u0161to druga\u010dijem obliku, ali opet sa naglaskom na bogatstvo nematerijalne kulturne ba\u0161tine, izvorne hrvatske proizvode i u duhu kr\u0161\u0107anske tradicije.<\/p>\n<p>Na izlo\u017ebeno-prodajnim \u0161tandovima na kojima \u0107e hrvatski proizvo\u0111a\u010di izlo\u017eit \u0107e svoje proizvode, kroz klapsku pjesmu, prezentaciju narodnih no\u0161nji i obi\u010daja predstaviti \u0107e se bogatstvo hrvatske nematerijalne kulturne ba\u0161tine.<\/p>\n<p><strong>Program&nbsp; 25.- 29. 06. 2021.&nbsp;&nbsp;<\/strong><\/p>\n<p>Eko &#8211; etno sajam&nbsp; i&nbsp; sajam oto\u010dnih proizvoda &nbsp;svaki dan od 16&nbsp; &#8211;&nbsp;&nbsp; 23 sata&nbsp;&nbsp; (Riva)<\/p>\n<p>25.06.2021.&nbsp; u 20.00&nbsp;&#8211; otvaranje Eko-etno sajma &nbsp;I sajma oto\u010dnih proizvoda uz nastup klapa I KUD-ova&nbsp;&nbsp;<\/p>\n<p>26.06.2021.&nbsp; u 21.00&nbsp;&#8211; Revija Nostalgija &#8211; &nbsp;nastup klapa i KUD-ova<\/p>\n<p>27.06.2021.&nbsp; &nbsp;u 21.00&nbsp;&#8211; Revija Nostalgija &#8211; nastup klapa i KUD-ova<\/p>\n<p>29. lipnja \u017eupa sv. Petra ap. Ka\u0161tel Novi tradicionalno \u0107e proslaviti svog za\u0161titnika sv. Petra sve\u010danom svetom misom i procesijom u kojoj \u0107e kip sv. Petra biti jednim dijelom no\u0161en brodicom dok \u0107e vjernici prate\u0107i ga uz obalu pjevati duhovne pjesme. Dan ranije odr\u017eat \u0107e se i prigodni program na Brcu.<\/p>\n<p>28.06.2021.&nbsp; u 19.30&nbsp;&#8211; &nbsp;promocija knjige don Daria \u010cori\u0107a &ldquo;Izvor \u017eivota&rdquo;<\/p>\n<p>&nbsp; &nbsp; &nbsp; &nbsp; &nbsp; &nbsp; &nbsp; &nbsp; &nbsp; &nbsp; &nbsp; &nbsp; &nbsp; &nbsp; &nbsp; &nbsp; &nbsp; &#8211;&nbsp; koncert duhovne glazbe<\/p>\n<p>&nbsp; &nbsp; &nbsp; &nbsp; &nbsp; &nbsp; &nbsp; &nbsp; &nbsp; &nbsp; &nbsp; &nbsp; &nbsp; &nbsp; &nbsp; &nbsp; &nbsp; &#8211;&nbsp; predstava &ldquo;Tre\u0107i brat&rdquo;<\/p>\n<p>29.06.2021. u 19.00&nbsp; &#8211; Sve\u010dana sveta misa povodom blagdana Sv. Petra<\/p>\n<p>&nbsp;&nbsp;&nbsp;&nbsp;&nbsp;&nbsp; &nbsp;&nbsp;&nbsp;&nbsp;&nbsp;&nbsp;&nbsp;&nbsp;&nbsp;&nbsp;&nbsp;&nbsp;&nbsp;u 20.00&nbsp; &nbsp;&#8211; Procesija brodicama s kipom Sv. Petra i blagoslov brodica<\/p>\n<p>Svi program&nbsp; biti \u0107e uskla\u0111eni sa preporukama Sto\u017eera civilne za\u0161tite RH i grada Ka\u0161tela.<\/p>\n<p>Preporuka &ndash; odr\u017eavanje fizi\u010dkog razmaka, te dezinfekcije ruku.<\/p>\n<p>&nbsp;<\/p>\n","protected":false},"excerpt":{"rendered":"<p>Dani tradicije &ldquo;Nostalgija&rdquo; &ndash; Ka\u0161tela 2021, odr\u017eat \u0107e se&nbsp; od 25. do 29. lipnja&nbsp; u Ka\u0161tel Novom u organizaciji TZG [&hellip;]<\/p>\n","protected":false},"author":7,"featured_media":4238,"comment_status":"closed","ping_status":"open","sticky":false,"template":"","format":"standard","meta":{"_acf_changed":false,"footnotes":""},"categories":[1],"tags":[],"class_list":["post-4237","post","type-post","status-publish","format-standard","has-post-thumbnail","hentry","category-novosti"],"acf":[],"_links":{"self":[{"href":"https:\/\/kastela.hr\/en\/wp-json\/wp\/v2\/posts\/4237","targetHints":{"allow":["GET"]}}],"collection":[{"href":"https:\/\/kastela.hr\/en\/wp-json\/wp\/v2\/posts"}],"about":[{"href":"https:\/\/kastela.hr\/en\/wp-json\/wp\/v2\/types\/post"}],"author":[{"embeddable":true,"href":"https:\/\/kastela.hr\/en\/wp-json\/wp\/v2\/users\/7"}],"replies":[{"embeddable":true,"href":"https:\/\/kastela.hr\/en\/wp-json\/wp\/v2\/comments?post=4237"}],"version-history":[{"count":1,"href":"https:\/\/kastela.hr\/en\/wp-json\/wp\/v2\/posts\/4237\/revisions"}],"predecessor-version":[{"id":6849,"href":"https:\/\/kastela.hr\/en\/wp-json\/wp\/v2\/posts\/4237\/revisions\/6849"}],"wp:featuredmedia":[{"embeddable":true,"href":"https:\/\/kastela.hr\/en\/wp-json\/wp\/v2\/media\/4238"}],"wp:attachment":[{"href":"https:\/\/kastela.hr\/en\/wp-json\/wp\/v2\/media?parent=4237"}],"wp:term":[{"taxonomy":"category","embeddable":true,"href":"https:\/\/kastela.hr\/en\/wp-json\/wp\/v2\/categories?post=4237"},{"taxonomy":"post_tag","embeddable":true,"href":"https:\/\/kastela.hr\/en\/wp-json\/wp\/v2\/tags?post=4237"}],"curies":[{"name":"wp","href":"https:\/\/api.w.org\/{rel}","templated":true}]}}