{"id":4215,"date":"2021-06-25T09:37:00","date_gmt":"2021-06-25T07:37:00","guid":{"rendered":"https:\/\/kastela.hr\/en\/2021\/06\/25\/predstavljen-program-kastelanskog-kulturnog-ljeta-2021\/"},"modified":"2024-08-29T10:47:53","modified_gmt":"2024-08-29T08:47:53","slug":"predstavljen-program-kastelanskog-kulturnog-ljeta-2021","status":"publish","type":"post","link":"https:\/\/kastela.hr\/en\/2021\/06\/25\/predstavljen-program-kastelanskog-kulturnog-ljeta-2021\/","title":{"rendered":"Predstavljen program Ka\u0161telanskog kulturnog ljeta 2021."},"content":{"rendered":"<p>Otprilike 70 razli\u010ditih doga\u0111anja obilje\u017eit \u0107e ovogodi\u0161nje Ka\u0161telansko kulturno ljeto. Program ove manifestacije u organizaciji Grada Ka\u0161tela predstavljen je u dvorcu Vitturi u Ka\u0161tel Luk\u0161i\u0107u, a unato\u010d ograni\u010denjima zbog pandemije, dobre zabave u cijelom gradu ne\u0107e nedostajati sve do rujna.<\/p>\n<p>&#8211; Sve\u010danost otvaranja kulturnog ljeta zapo\u010dinje 4. srpnja koncertom klape Ri\u0161pet na Igri\u0161\u0107u u Ka\u0161tel \u0160tafili\u0107u u 21 sat, a zatvaranje manifestacije predvi\u0111eno je 4. rujna operom Ero s onoga svijeta u Novom parku u Ka\u0161tel Luk\u0161i\u0107u u 20 i 30. Ne smijemo zaboraviti ni na\u0161e tradicionalne Ve\u010deri dalmatinske pisme u Ka\u0161tel Kambelovcu tako \u0107e u okviru prve ve\u010deri 24. srpnja svoj koncert odr\u017eati klapa Cambi povodom 35 godina postojanja, a dan nakon odr\u017eat \u0107e se festivalska ve\u010der obrade popularnih skladbi. Na\u0161 brend kojim se ponosimo su Legenda o Miljenku i Dobrili uz uprizorenje kazali\u0161ne predstave o najpoznatijim ka\u0161telanskim ljubavnicima \u0161to \u0107e se odr\u017eati 1. kolovoza, nakon \u010dega \u0107e biti prikazani romanti\u010dni filmovi te \u0107e se odr\u017eati glazbena ve\u010der uz klapu Neverin i Jasnu Zloki\u0107. Zaista ovo nas ljeto o\u010dekuje bogat kulturni program u kojemu \u0107e svatko prona\u0107i ne\u0161to za sebe vode\u0107i ra\u010duna o epidemiolo\u0161kim mjerama&nbsp;&ndash; kazala je zamjenica gradona\u010delnika <strong>Jadranka Matok Bosan\u010di\u0107 <\/strong>koja je, uz direktoricu TZ Ka\u0161tela <strong>Nadu Mar\u0161i\u0107<\/strong> i <strong>Marijanu Vulas<\/strong>, koordinatoricu Dana Miljenka i Dobrile, predstavila program kulturnog ljeta.<\/p>\n<p>U dva mjeseca kulturnih doga\u0111anja, Ka\u0161telani i njihovi gosti mo\u0107i \u0107e u\u017eivati u brojnim izlo\u017ebama poput hrvatske jadranske kupali\u0161ne ba\u0161tine, makete brodova, preko brojnih klapskih koncerata poput klape Kampaneli, klape \u0160torija, klape Podvorje, Gradskog zbora Brodosplit i brojnih drugih poput Borisa O\u0161tri\u0107a i HGD Zrinjski do dje\u010djeg programa poput predstava Gradskog kazali\u0161ta Scena Gorica, dje\u010djeg kazali\u0161ta \u0160katula, mjuzikla u izvedbi Studio Suncokreta i lutkarske predstave u izvedbi Umjetni\u010dke organizacije Produkcije Z.&nbsp;U \u010dast Dana pobjede i Domovinske zahvalnosti, Dana hrvatskih branitelja bit \u0107e dva koncerta klape HRM-a sa simfonijskim orkestrom Hrvatske vojske te Giulijana kojeg \u0107e organizirati HVIDR-a.<\/p>\n<p>Bit \u0107e i klasi\u010dne glazbe koju \u0107e obuhvatiti Ve\u010deri kod svetog Jeronima, koncerti flaute, klavira, operne arije, kao i koncerti koje \u0107e odr\u017eati gradska glazbena dru\u0161tva. Tu su i tradicionalne ka\u0161telanske glende&nbsp;i batude na \u010dakavici, rock ve\u010deri te plesno gastronomski Festival&nbsp;salse i \u0161al\u0161e.&nbsp;&nbsp;Ovo su samo neka od brojnih doga\u0111anja u kojima \u0107e na otvorenom u\u017eivati svi koji do\u0111u ovoga ljeta u grad pod Kozjakom.&nbsp;<\/p>\n<p>Sve zapo\u010dinje danas 25. lipnja, kada je na rasporedu ve\u0107 tradicionalna Nostalgija, manifestacija tradicije i obrtni\u0161tva, koju uz suradnju s udrugom \u0160u\u0161ur, organizira Turisti\u010dka zajednica na rivi u Ka\u0161tel Novom uz koncerte klapa, etno eko sajam i goste iz Petrinje.<\/p>\n<p>Sva doga\u0111anja Ka\u0161telanskog kulturnog ljeta 2021. mo\u017eete preuzeti u dokumentu ispod teksta, a Grad Ka\u0161tela zadr\u017eava pravo izmjene programa u skladu s epidemiolo\u0161kom situacijom te \u0107e svaku izmjenu oglasiti na svojim slu\u017ebenim stranicama <a href=\"http:\/\/www.kastela.hr\">www.kastela.hr<\/a><\/p>\n<p>&nbsp;<\/p>\n","protected":false},"excerpt":{"rendered":"<p>Otprilike 70 razli\u010ditih doga\u0111anja obilje\u017eit \u0107e ovogodi\u0161nje Ka\u0161telansko kulturno ljeto. Program ove manifestacije u organizaciji Grada Ka\u0161tela predstavljen je u [&hellip;]<\/p>\n","protected":false},"author":7,"featured_media":4216,"comment_status":"closed","ping_status":"open","sticky":false,"template":"","format":"standard","meta":{"_acf_changed":false,"footnotes":""},"categories":[1],"tags":[],"class_list":["post-4215","post","type-post","status-publish","format-standard","has-post-thumbnail","hentry","category-novosti"],"acf":[],"_links":{"self":[{"href":"https:\/\/kastela.hr\/en\/wp-json\/wp\/v2\/posts\/4215","targetHints":{"allow":["GET"]}}],"collection":[{"href":"https:\/\/kastela.hr\/en\/wp-json\/wp\/v2\/posts"}],"about":[{"href":"https:\/\/kastela.hr\/en\/wp-json\/wp\/v2\/types\/post"}],"author":[{"embeddable":true,"href":"https:\/\/kastela.hr\/en\/wp-json\/wp\/v2\/users\/7"}],"replies":[{"embeddable":true,"href":"https:\/\/kastela.hr\/en\/wp-json\/wp\/v2\/comments?post=4215"}],"version-history":[{"count":1,"href":"https:\/\/kastela.hr\/en\/wp-json\/wp\/v2\/posts\/4215\/revisions"}],"predecessor-version":[{"id":6847,"href":"https:\/\/kastela.hr\/en\/wp-json\/wp\/v2\/posts\/4215\/revisions\/6847"}],"wp:featuredmedia":[{"embeddable":true,"href":"https:\/\/kastela.hr\/en\/wp-json\/wp\/v2\/media\/4216"}],"wp:attachment":[{"href":"https:\/\/kastela.hr\/en\/wp-json\/wp\/v2\/media?parent=4215"}],"wp:term":[{"taxonomy":"category","embeddable":true,"href":"https:\/\/kastela.hr\/en\/wp-json\/wp\/v2\/categories?post=4215"},{"taxonomy":"post_tag","embeddable":true,"href":"https:\/\/kastela.hr\/en\/wp-json\/wp\/v2\/tags?post=4215"}],"curies":[{"name":"wp","href":"https:\/\/api.w.org\/{rel}","templated":true}]}}