{"id":4204,"date":"2021-06-26T08:26:00","date_gmt":"2021-06-26T06:26:00","guid":{"rendered":"https:\/\/kastela.hr\/en\/2021\/06\/26\/gradonacelnica-petrinje-magdalena-komes-u-posjetu-kastelima\/"},"modified":"2024-08-29T10:47:53","modified_gmt":"2024-08-29T08:47:53","slug":"gradonacelnica-petrinje-magdalena-komes-u-posjetu-kastelima","status":"publish","type":"post","link":"https:\/\/kastela.hr\/en\/2021\/06\/26\/gradonacelnica-petrinje-magdalena-komes-u-posjetu-kastelima\/","title":{"rendered":"Gradona\u010delnica Petrinje Magdalena Komes u posjetu Ka\u0161telima"},"content":{"rendered":"<p>U ka\u0161telanskoj Gradskoj upravi danas je organiziran prijem za predstavnike Grada Petrinje na \u010delu s gradona\u010delnicom Magdalenom Komes, a prijemu je nazo\u010dio splitsko dalmatinski \u017eupan Bla\u017eenko Boban s pro\u010delnikom Tomislavom \u0110onli\u0107em. Ovom prilikom bilo je rije\u010di o oblicima pomo\u0107i potresom pogo\u0111enim podru\u010djima kao i o kulturnoj suradnji izme\u0111u Ka\u0161tela i Petrinje.<\/p>\n<p>&#8211; Odmah nakon potresa, dogovoreno je da \u0107e nekoliko dalmatinskih gradova obnoviti po jednu obiteljsku ku\u0107u, a trenutno \u010dekamo odluku Sto\u017eera koji \u0107e nam poslati to\u010dne informacije koje \u0107e to ku\u0107e biti. Zasad nam je poznato da je rije\u010d o ku\u0107ama za obitelji s vi\u0161e djece. Posebno mi je drago da \u0107e u okviru manifestacije &bdquo;Nostalgija&ldquo; u Ka\u0161tel Novom ve\u010deras nastupiti vokalni ansambl Petrusice, petrinjski tambura\u0161i i kulturno- umjetni\u010dka dru\u0161tva koja \u0107e nam predstaviti svoju kulturnu ba\u0161tinu. Vjerujem da \u0107e se ova odli\u010dna suradnja nastaviti i u nekim budu\u0107im, ljep\u0161im vremenima &ndash; kazao je gradona\u010delnik Ka\u0161tela Denis Ivanovi\u0107.<\/p>\n<p>&#8211; Petrinja je ranjena, ali jo\u0161 uvijek je \u017eiva. Hvala svima koji su nam nudili smje\u0161taj diljem Hrvatske, ali na\u0161i Petrinjci nisu htjeli iz svojih domova, privremeno su oti\u0161le majke s malom djecom, a ve\u0107ina ih je ostala u svojim ku\u0107ama i u kontejnerima koji su jo\u0161 uvijek bez rashladnih ure\u0111aja. Drago mi je da su Ka\u0161tela i Splitsko dalmatinska \u017eupanija pru\u017eile ruku pomo\u0107i te da \u0107e se i putem europskih fondova, ubrzano obnoviti sve ku\u0107e u na\u0161em gradu &ndash; istaknula je gradona\u010delnica Petrinje Magdalena Komes.<\/p>\n<p>Nakon ovog potresa, stvoreno je prijateljstvo izme\u0111u Splitsko dalmatinske i Sisa\u010dko moslava\u010dke \u017eupanije<\/p>\n<p>&#8211; U muci se poznaju junaci, a prijateljstvo stvara u nevoljama. Uistinu, odmah nakon potresa sve slu\u017ebe s podru\u010dja na\u0161e \u017eupanije kao i brojni dalmatinski gradovi odmah su prisko\u010dili u pomo\u0107. Posjetili smo poru\u0161enu osnovnu \u0161kolu i osigurali vi\u0161e od 3 milijuna kuna za njezinu obnovu i taj novac \u010deka odluku Sto\u017eera Sisa\u010dko moslava\u010dke \u017eupanije &ndash; poru\u010dio je \u017eupan Bla\u017eenko Boban zahvaliv\u0161i svim volonterima, udrugama i \u017eupama koje su samoinicijativno pru\u017eale pomo\u0107 potresom pogo\u0111enim podru\u010djima na razli\u010dite na\u010dine.<\/p>\n","protected":false},"excerpt":{"rendered":"<p>U ka\u0161telanskoj Gradskoj upravi danas je organiziran prijem za predstavnike Grada Petrinje na \u010delu s gradona\u010delnicom Magdalenom Komes, a prijemu [&hellip;]<\/p>\n","protected":false},"author":7,"featured_media":4205,"comment_status":"closed","ping_status":"open","sticky":false,"template":"","format":"standard","meta":{"_acf_changed":false,"footnotes":""},"categories":[1],"tags":[],"class_list":["post-4204","post","type-post","status-publish","format-standard","has-post-thumbnail","hentry","category-novosti"],"acf":[],"_links":{"self":[{"href":"https:\/\/kastela.hr\/en\/wp-json\/wp\/v2\/posts\/4204","targetHints":{"allow":["GET"]}}],"collection":[{"href":"https:\/\/kastela.hr\/en\/wp-json\/wp\/v2\/posts"}],"about":[{"href":"https:\/\/kastela.hr\/en\/wp-json\/wp\/v2\/types\/post"}],"author":[{"embeddable":true,"href":"https:\/\/kastela.hr\/en\/wp-json\/wp\/v2\/users\/7"}],"replies":[{"embeddable":true,"href":"https:\/\/kastela.hr\/en\/wp-json\/wp\/v2\/comments?post=4204"}],"version-history":[{"count":1,"href":"https:\/\/kastela.hr\/en\/wp-json\/wp\/v2\/posts\/4204\/revisions"}],"predecessor-version":[{"id":6846,"href":"https:\/\/kastela.hr\/en\/wp-json\/wp\/v2\/posts\/4204\/revisions\/6846"}],"wp:featuredmedia":[{"embeddable":true,"href":"https:\/\/kastela.hr\/en\/wp-json\/wp\/v2\/media\/4205"}],"wp:attachment":[{"href":"https:\/\/kastela.hr\/en\/wp-json\/wp\/v2\/media?parent=4204"}],"wp:term":[{"taxonomy":"category","embeddable":true,"href":"https:\/\/kastela.hr\/en\/wp-json\/wp\/v2\/categories?post=4204"},{"taxonomy":"post_tag","embeddable":true,"href":"https:\/\/kastela.hr\/en\/wp-json\/wp\/v2\/tags?post=4204"}],"curies":[{"name":"wp","href":"https:\/\/api.w.org\/{rel}","templated":true}]}}