{"id":4198,"date":"2021-07-01T04:08:00","date_gmt":"2021-07-01T02:08:00","guid":{"rendered":"https:\/\/kastela.hr\/en\/2021\/07\/01\/izlozba-mestar-za-caklo-i-drvo-iz-kambelovskog-porta\/"},"modified":"2024-08-29T10:47:53","modified_gmt":"2024-08-29T08:47:53","slug":"izlozba-mestar-za-caklo-i-drvo-iz-kambelovskog-porta","status":"publish","type":"post","link":"https:\/\/kastela.hr\/en\/2021\/07\/01\/izlozba-mestar-za-caklo-i-drvo-iz-kambelovskog-porta\/","title":{"rendered":"Izlo\u017eba &#8216;Me\u0161tar za caklo i drvo iz kambelovskog porta&#8217;"},"content":{"rendered":"<p>Ovoga \u010detvrtka, 1. srpnja u 20 sati u dvorcu Vitturi u Ka\u0161tel Luk\u0161i\u0107u biti \u0107e uprili\u010deno otvorenje izlo\u017ebe &#39;Me\u0161tar za caklo i drvo iz kambelovskog porta&#39; maketara brodova Marina Bedalova. Organizator ovog doga\u0111anja je Muzej grada Ka\u0161tela, a sve se odvija u okviru ovogodi\u0161njeg programa Ka\u0161telanskog kulturnog ljeta. Posjetitelji \u0107e mo\u0107i vidjeti makete brodova koje je maketar izradio zadnjih 20 godina, a ve\u0107ina njegove zbirke su lokalni ka\u0161telanski brodovi koji su u pro\u0161lom stolje\u0107u plovili Ka\u0161telanskim zaljevom.<\/p>\n<p>&nbsp;<\/p>\n","protected":false},"excerpt":{"rendered":"<p>Ovoga \u010detvrtka, 1. srpnja u 20 sati u dvorcu Vitturi u Ka\u0161tel Luk\u0161i\u0107u biti \u0107e uprili\u010deno otvorenje izlo\u017ebe &#39;Me\u0161tar za [&hellip;]<\/p>\n","protected":false},"author":7,"featured_media":4199,"comment_status":"closed","ping_status":"open","sticky":false,"template":"","format":"standard","meta":{"_acf_changed":false,"footnotes":""},"categories":[1],"tags":[],"class_list":["post-4198","post","type-post","status-publish","format-standard","has-post-thumbnail","hentry","category-novosti"],"acf":[],"_links":{"self":[{"href":"https:\/\/kastela.hr\/en\/wp-json\/wp\/v2\/posts\/4198","targetHints":{"allow":["GET"]}}],"collection":[{"href":"https:\/\/kastela.hr\/en\/wp-json\/wp\/v2\/posts"}],"about":[{"href":"https:\/\/kastela.hr\/en\/wp-json\/wp\/v2\/types\/post"}],"author":[{"embeddable":true,"href":"https:\/\/kastela.hr\/en\/wp-json\/wp\/v2\/users\/7"}],"replies":[{"embeddable":true,"href":"https:\/\/kastela.hr\/en\/wp-json\/wp\/v2\/comments?post=4198"}],"version-history":[{"count":1,"href":"https:\/\/kastela.hr\/en\/wp-json\/wp\/v2\/posts\/4198\/revisions"}],"predecessor-version":[{"id":6844,"href":"https:\/\/kastela.hr\/en\/wp-json\/wp\/v2\/posts\/4198\/revisions\/6844"}],"wp:featuredmedia":[{"embeddable":true,"href":"https:\/\/kastela.hr\/en\/wp-json\/wp\/v2\/media\/4199"}],"wp:attachment":[{"href":"https:\/\/kastela.hr\/en\/wp-json\/wp\/v2\/media?parent=4198"}],"wp:term":[{"taxonomy":"category","embeddable":true,"href":"https:\/\/kastela.hr\/en\/wp-json\/wp\/v2\/categories?post=4198"},{"taxonomy":"post_tag","embeddable":true,"href":"https:\/\/kastela.hr\/en\/wp-json\/wp\/v2\/tags?post=4198"}],"curies":[{"name":"wp","href":"https:\/\/api.w.org\/{rel}","templated":true}]}}