{"id":4195,"date":"2021-07-02T05:13:00","date_gmt":"2021-07-02T03:13:00","guid":{"rendered":"https:\/\/kastela.hr\/en\/2021\/07\/02\/vecer-djecjih-igrokaza-latino-americkih-plesova-te-citanja-i-pripovijedanja\/"},"modified":"2024-08-29T10:47:53","modified_gmt":"2024-08-29T08:47:53","slug":"vecer-djecjih-igrokaza-latino-americkih-plesova-te-citanja-i-pripovijedanja","status":"publish","type":"post","link":"https:\/\/kastela.hr\/en\/2021\/07\/02\/vecer-djecjih-igrokaza-latino-americkih-plesova-te-citanja-i-pripovijedanja\/","title":{"rendered":"Ve\u010der dje\u010djih igrokaza, latino ameri\u010dkih plesova te \u010ditanja i pripovijedanja"},"content":{"rendered":"<p>U okviru ovogodi\u0161njeg programa Ka\u0161telanskog kulturnog ljeta na rasporedu je program za djecu i mlade. Naime, ove subote 3. srpnja u 20 sati ispred Glazbene \u0161kole u Ka\u0161tel Kambelovcu odr\u017eat \u0107e se ve\u010der dje\u010djih igrokaza pod nazivom &bdquo;Dje\u010dja ma\u0161ta mo\u017ee sva\u0161ta&ldquo; u oganizaciji Ka\u0161telanskog dje\u010djeg kazali\u0161ta \u0160katula.<\/p>\n<p>U ponedjeljak, 5. srpnja u 21 sat na brcu u Ka\u0161tel Kambelovcu zapo\u010dinje &bdquo;Dance show&ldquo;, odnosno ve\u010der latino ameri\u010dkih plesova u organizaciji plesnog kluba Lolita.<\/p>\n<p>U utorak, 6. srpnja u parku Goja\u010da u Ka\u0161tel Su\u0107urcu s po\u010detkom u 20 sati odr\u017eat \u0107e se ve\u010der \u010ditanja i pripovijedanja bajki, pri\u010da i legendi pod nazivom &bdquo;\u0110ardin \u010ditanja i pripovijedanja&ldquo; u organizaciji GK Ka\u0161tela.<\/p>\n","protected":false},"excerpt":{"rendered":"<p>U okviru ovogodi\u0161njeg programa Ka\u0161telanskog kulturnog ljeta na rasporedu je program za djecu i mlade. Naime, ove subote 3. srpnja [&hellip;]<\/p>\n","protected":false},"author":7,"featured_media":4196,"comment_status":"closed","ping_status":"open","sticky":false,"template":"","format":"standard","meta":{"_acf_changed":false,"footnotes":""},"categories":[1],"tags":[],"class_list":["post-4195","post","type-post","status-publish","format-standard","has-post-thumbnail","hentry","category-novosti"],"acf":[],"_links":{"self":[{"href":"https:\/\/kastela.hr\/en\/wp-json\/wp\/v2\/posts\/4195","targetHints":{"allow":["GET"]}}],"collection":[{"href":"https:\/\/kastela.hr\/en\/wp-json\/wp\/v2\/posts"}],"about":[{"href":"https:\/\/kastela.hr\/en\/wp-json\/wp\/v2\/types\/post"}],"author":[{"embeddable":true,"href":"https:\/\/kastela.hr\/en\/wp-json\/wp\/v2\/users\/7"}],"replies":[{"embeddable":true,"href":"https:\/\/kastela.hr\/en\/wp-json\/wp\/v2\/comments?post=4195"}],"version-history":[{"count":1,"href":"https:\/\/kastela.hr\/en\/wp-json\/wp\/v2\/posts\/4195\/revisions"}],"predecessor-version":[{"id":6843,"href":"https:\/\/kastela.hr\/en\/wp-json\/wp\/v2\/posts\/4195\/revisions\/6843"}],"wp:featuredmedia":[{"embeddable":true,"href":"https:\/\/kastela.hr\/en\/wp-json\/wp\/v2\/media\/4196"}],"wp:attachment":[{"href":"https:\/\/kastela.hr\/en\/wp-json\/wp\/v2\/media?parent=4195"}],"wp:term":[{"taxonomy":"category","embeddable":true,"href":"https:\/\/kastela.hr\/en\/wp-json\/wp\/v2\/categories?post=4195"},{"taxonomy":"post_tag","embeddable":true,"href":"https:\/\/kastela.hr\/en\/wp-json\/wp\/v2\/tags?post=4195"}],"curies":[{"name":"wp","href":"https:\/\/api.w.org\/{rel}","templated":true}]}}