{"id":4185,"date":"2021-07-02T07:10:00","date_gmt":"2021-07-02T05:10:00","guid":{"rendered":"https:\/\/kastela.hr\/en\/2021\/07\/02\/nakon-velikog-pozara-plaza-kamp-ociscena-i-sigurna-za-kupace\/"},"modified":"2024-08-29T10:47:53","modified_gmt":"2024-08-29T08:47:53","slug":"nakon-velikog-pozara-plaza-kamp-ociscena-i-sigurna-za-kupace","status":"publish","type":"post","link":"https:\/\/kastela.hr\/en\/2021\/07\/02\/nakon-velikog-pozara-plaza-kamp-ociscena-i-sigurna-za-kupace\/","title":{"rendered":"Nakon velikog po\u017eara, pla\u017ea Kamp o\u010di\u0161\u0107ena i sigurna za kupa\u010de"},"content":{"rendered":"<p>Pla\u017ea Kamp u Ka\u0161tel Gomilici od danas je sigurna za sve kupa\u010de. Naime, nakon velikog po\u017eara u Marini Ka\u0161tela koji je zahvatio nekoliko brodova, a nakon skupog i mukotrpnog uklanjanja olupina, pristupilo se temeljitom \u010di\u0161\u0107enju pla\u017ee koja je sada dostupna i sigurna za kupanje.<\/p>\n<p>&#8211; Zahvaljujemo svima koji su sudjelovali u akciji \u010di\u0161\u0107enja te na taj na\u010din pomogli da djelatnici Vlastitog pogona i na\u0161i koncesionari koji obavljaju pojedine radove, mogu \u0161to prije pla\u017eu urediti te je staviti u funkciju koju je imala prije ovog doga\u0111aja &ndash; poru\u010dio je upravitelj Vlastitog pogona Ivan \u010cagalj.<\/p>\n<p>\u010cetvrto ovosezonsko ispitivanje kakvo\u0107e mora na svim slu\u017ebenim&nbsp;ka\u0161telanskim&nbsp;pla\u017eama pokazalo je kako je more izvrsne kakvo\u0107e. Plavu oznaku&nbsp;dobile su pla\u017ee Goja\u010da u Ka\u0161tel Su\u0107urcu, Kamp i Torac u Ka\u0161tel Gomilici, Baletna u Ka\u0161tel Kambelovcu, Puntica i \u0160oulavy te Miljenko i Dobrila u Ka\u0161tel Luk\u0161i\u0107u, \u0110ardin i Palace u Ka\u0161tel Starom te Gabine u Ka\u0161tel \u0160tafili\u0107u i Resnik.<\/p>\n","protected":false},"excerpt":{"rendered":"<p>Pla\u017ea Kamp u Ka\u0161tel Gomilici od danas je sigurna za sve kupa\u010de. Naime, nakon velikog po\u017eara u Marini Ka\u0161tela koji [&hellip;]<\/p>\n","protected":false},"author":7,"featured_media":4186,"comment_status":"closed","ping_status":"open","sticky":false,"template":"","format":"standard","meta":{"_acf_changed":false,"footnotes":""},"categories":[1],"tags":[],"class_list":["post-4185","post","type-post","status-publish","format-standard","has-post-thumbnail","hentry","category-novosti"],"acf":[],"_links":{"self":[{"href":"https:\/\/kastela.hr\/en\/wp-json\/wp\/v2\/posts\/4185","targetHints":{"allow":["GET"]}}],"collection":[{"href":"https:\/\/kastela.hr\/en\/wp-json\/wp\/v2\/posts"}],"about":[{"href":"https:\/\/kastela.hr\/en\/wp-json\/wp\/v2\/types\/post"}],"author":[{"embeddable":true,"href":"https:\/\/kastela.hr\/en\/wp-json\/wp\/v2\/users\/7"}],"replies":[{"embeddable":true,"href":"https:\/\/kastela.hr\/en\/wp-json\/wp\/v2\/comments?post=4185"}],"version-history":[{"count":1,"href":"https:\/\/kastela.hr\/en\/wp-json\/wp\/v2\/posts\/4185\/revisions"}],"predecessor-version":[{"id":6841,"href":"https:\/\/kastela.hr\/en\/wp-json\/wp\/v2\/posts\/4185\/revisions\/6841"}],"wp:featuredmedia":[{"embeddable":true,"href":"https:\/\/kastela.hr\/en\/wp-json\/wp\/v2\/media\/4186"}],"wp:attachment":[{"href":"https:\/\/kastela.hr\/en\/wp-json\/wp\/v2\/media?parent=4185"}],"wp:term":[{"taxonomy":"category","embeddable":true,"href":"https:\/\/kastela.hr\/en\/wp-json\/wp\/v2\/categories?post=4185"},{"taxonomy":"post_tag","embeddable":true,"href":"https:\/\/kastela.hr\/en\/wp-json\/wp\/v2\/tags?post=4185"}],"curies":[{"name":"wp","href":"https:\/\/api.w.org\/{rel}","templated":true}]}}