{"id":4179,"date":"2021-07-02T08:33:00","date_gmt":"2021-07-02T06:33:00","guid":{"rendered":"https:\/\/kastela.hr\/en\/2021\/07\/02\/lift-za-osobe-s-invaliditetom-postavljen-u-kastel-luksicu\/"},"modified":"2024-08-29T10:47:53","modified_gmt":"2024-08-29T08:47:53","slug":"lift-za-osobe-s-invaliditetom-postavljen-u-kastel-luksicu","status":"publish","type":"post","link":"https:\/\/kastela.hr\/en\/2021\/07\/02\/lift-za-osobe-s-invaliditetom-postavljen-u-kastel-luksicu\/","title":{"rendered":"Lift za osobe s invaliditetom postavljen u Ka\u0161tel Luk\u0161i\u0107u"},"content":{"rendered":"<p>Svake godine Grad Ka\u0161tela popravlja i podi\u017ee standarde urbanih sadr\u017eaja na javnim povr\u0161inama, pla\u017eama i parkovima.<\/p>\n<p>I ove godine, a nakon izgradnje triju betonskih&nbsp; invalidskih rampi &#8211; na pla\u017ei Gabine u Ka\u0161tel \u0160tafili\u0107u, Drugom nasipu u Ka\u0161tel Starome i na Glavici u Ka\u0161tel Luk\u0161i\u0107u,&nbsp; od&nbsp; 1. srpnja u Ka\u0161telima je, na pla\u017ei&nbsp; kod op\u0107inskog suda i zemlji\u0161nika u Ka\u0161tel Luk\u0161i\u0107u, u produ\u017eetku pla\u017ee Glavice, mogu\u0107e koristiti&nbsp; lift za invalidne i slabo pokretljive osobe.<\/p>\n<p>Lift je namijenjen svim stanovnicima Ka\u0161tela te gostima koji imaju potrebu za ovakvom urbanom opremom. Radi se o hrvatskom proizvodu tvrtke Elektromotori d.o.o. iz Slavonskog Broda, a&nbsp;vrijednost lifta je oko 130.000 kuna.&nbsp;<\/p>\n<p>Pripremne gra\u0111evinske radove izveo je GO Pasike, a elektoinstalaterske radove su izveli djelatnici Vlastitog pogona Grada Ka\u0161tela.<\/p>\n<p>Ukupna vrijednost radova je oko 200 000 kuna.<\/p>\n<p>Molimo zainteresirane koji bi koristili lift za svoje potrebe da se jave na 021 205 206 kako bismo&nbsp; im osigurali upravlja\u010d za kori\u0161tenje.<\/p>\n<p>Ovom prilikom apeliramo i molimo sugra\u0111ane da&nbsp; uredno koriste i \u010duvaju ovaj lift jer se radi o specifi\u010dnoj i vrijednoj opremi za sve nas, a pogotovo za osobe kojima je ona korisno i neophodno pomagalo.<\/p>\n<p>&nbsp;<\/p>\n","protected":false},"excerpt":{"rendered":"<p>Svake godine Grad Ka\u0161tela popravlja i podi\u017ee standarde urbanih sadr\u017eaja na javnim povr\u0161inama, pla\u017eama i parkovima. I ove godine, a [&hellip;]<\/p>\n","protected":false},"author":7,"featured_media":4180,"comment_status":"closed","ping_status":"open","sticky":false,"template":"","format":"standard","meta":{"_acf_changed":false,"footnotes":""},"categories":[1],"tags":[],"class_list":["post-4179","post","type-post","status-publish","format-standard","has-post-thumbnail","hentry","category-novosti"],"acf":[],"_links":{"self":[{"href":"https:\/\/kastela.hr\/en\/wp-json\/wp\/v2\/posts\/4179","targetHints":{"allow":["GET"]}}],"collection":[{"href":"https:\/\/kastela.hr\/en\/wp-json\/wp\/v2\/posts"}],"about":[{"href":"https:\/\/kastela.hr\/en\/wp-json\/wp\/v2\/types\/post"}],"author":[{"embeddable":true,"href":"https:\/\/kastela.hr\/en\/wp-json\/wp\/v2\/users\/7"}],"replies":[{"embeddable":true,"href":"https:\/\/kastela.hr\/en\/wp-json\/wp\/v2\/comments?post=4179"}],"version-history":[{"count":1,"href":"https:\/\/kastela.hr\/en\/wp-json\/wp\/v2\/posts\/4179\/revisions"}],"predecessor-version":[{"id":6840,"href":"https:\/\/kastela.hr\/en\/wp-json\/wp\/v2\/posts\/4179\/revisions\/6840"}],"wp:featuredmedia":[{"embeddable":true,"href":"https:\/\/kastela.hr\/en\/wp-json\/wp\/v2\/media\/4180"}],"wp:attachment":[{"href":"https:\/\/kastela.hr\/en\/wp-json\/wp\/v2\/media?parent=4179"}],"wp:term":[{"taxonomy":"category","embeddable":true,"href":"https:\/\/kastela.hr\/en\/wp-json\/wp\/v2\/categories?post=4179"},{"taxonomy":"post_tag","embeddable":true,"href":"https:\/\/kastela.hr\/en\/wp-json\/wp\/v2\/tags?post=4179"}],"curies":[{"name":"wp","href":"https:\/\/api.w.org\/{rel}","templated":true}]}}