{"id":4164,"date":"2021-07-05T04:20:00","date_gmt":"2021-07-05T02:20:00","guid":{"rendered":"https:\/\/kastela.hr\/en\/2021\/07\/05\/svecano-otvoreno-kastelansko-kulturno-ljeto-2021-koncertom-klape-rispet\/"},"modified":"2024-08-29T10:47:53","modified_gmt":"2024-08-29T08:47:53","slug":"svecano-otvoreno-kastelansko-kulturno-ljeto-2021-koncertom-klape-rispet","status":"publish","type":"post","link":"https:\/\/kastela.hr\/en\/2021\/07\/05\/svecano-otvoreno-kastelansko-kulturno-ljeto-2021-koncertom-klape-rispet\/","title":{"rendered":"Sve\u010dano otvoreno Ka\u0161telansko kulturno ljeto 2021. koncertom klape Ri\u0161pet"},"content":{"rendered":"<p>Nastupom klape Ri\u0161pet na Igri\u0161\u0107u u Ka\u0161tel \u0160tafili\u0107u, sve\u010dano je otvoreno 23. Ka\u0161telansko&nbsp;kulturno&nbsp;ljeto&nbsp;koje ove godine broji sedamdesetak doga\u0111anja, gotovo dvostruko vi\u0161e nego protekle godine.<\/p>\n<p>Otvaranje je zapo\u010delo himnom Republike Hrvatske u izvedbi sopranistice Antonije Teskera i u pratnji Mladena Bonomia, a nakon \u010dega su izveli i himnu Ka\u0161tela, &#39;&#39;Ka\u0161tela grade moj&#39;&#39;.<\/p>\n<p>&#8211; Pred nama su dva mjeseca bogatog kulturnog programa, a zatvaranje manifestacije predvi\u0111eno je 4. rujna operom Ero s onoga svijeta u Novom parku u Ka\u0161tel Luk\u0161i\u0107u. Sredi\u0161nji dio ljeta su na\u0161e tradicionalne Ve\u010deri dalmatinske pisme u Ka\u0161tel Kambelovcu, pa \u0107e u okviru prve ve\u010deri 24. srpnja svoj koncert odr\u017eati klapa Cambi povodom 35 godina postojanja, a dan nakon, odr\u017eat \u0107e se festivalska ve\u010der obrade popularnih skladbi. Na\u0161 brend kojim se ponosimo su Legenda o Miljenku i Dobrili uz uprizorenje kazali\u0161ne predstave o najpoznatijim ka\u0161telanskim ljubavnicima \u0161to \u0107e se odr\u017eati 1. kolovoza, nakon \u010dega \u0107e biti prikazani romanti\u010dni filmovi te \u0107e se odr\u017eati glazbena ve\u010der uz klapu Neverin i Jasnu Zloki\u0107. Zaista nas ovoga ljeta o\u010dekuje raznovrstan program u kojemu \u0107e svatko prona\u0107i ne\u0161to za sebe vode\u0107i ra\u010duna o epidemiolo\u0161kim mjerama &ndash; kazao je gradona\u010delnik Denis Ivanovi\u0107 koji je podizanjem zastave sve\u010dano otvorio Ka\u0161telansko kulturno ljeto 2021.<\/p>\n<p>Prisutnima se obratila i direktorica Turisti\u010dke zajednice grada Ka\u0161tela Nada Mar\u0161i\u0107 koja je najavila doga\u0111anja koja organizira Turisti\u010dka zajednica poput Legende o Miljenku i Dobrili.<\/p>\n<p>Na odu\u0161evljenje ka\u0161telanske publike Igri\u0161\u0107em su se zaorile pjesme poput &#39;Fali\u0161 mi&#39;, &#39;Jedina jubav moga \u017eivota&#39;, &#39;\u0160ta mi jube o\u0107e\u0161 kazat&#39;, &#39;Mislin samo na te&#39;, &#39;Lumin&#39;, &#39;Ajme \u0161ta te volin&#39;, &#39;Sunce mi od tebe dolazi&#39;, a nakon pauze od nekoliko minuta, klapa je unato\u010d pokojoj kapi ki\u0161e nastavila dvosatni koncert izvo\u0111enjem autorskih ali i obradama poznatih skladbi.<\/p>\n<p>U dva mjeseca kulturnih doga\u0111anja, Ka\u0161telani i njihovi gosti mo\u0107i \u0107e u\u017eivati u brojnim izlo\u017ebama poput hrvatske jadranske kupali\u0161ne ba\u0161tine, makete brodova, preko brojnih klapskih koncerata poput klape Kampaneli, klape \u0160torija, klape Podvorje, Gradskog zbora Brodosplit i brojnih drugih poput&nbsp;Borisa O\u0161tri\u0107a&nbsp;i HGD Zrinjski do dje\u010djeg programa poput predstava Gradskog kazali\u0161ta Scena Gorica, dje\u010djeg kazali\u0161ta \u0160katula, mjuzikla u izvedbi Studio Suncokreta i lutkarske predstave u izvedbi Umjetni\u010dke organizacije Produkcije Z. Bit \u0107e i klasi\u010dne glazbe koju \u0107e obuhvatiti Ve\u010deri kod svetog Jeronima, koncerti flaute, klavira, operne arije, kao i koncerti koje \u0107e odr\u017eati gradska glazbena dru\u0161tva. Tu su i tradicionalne ka\u0161telanske glende i batude na \u010dakavici, rock ve\u010deri te plesno gastronomski Festival salse i \u0161al\u0161e.&nbsp; Ovo su samo neka od brojnih doga\u0111anja u kojima \u0107e na otvorenom u\u017eivati svi koji do\u0111u ovoga ljeta u grad pod Kozjakom.<\/p>\n<p>&nbsp;<\/p>\n","protected":false},"excerpt":{"rendered":"<p>Nastupom klape Ri\u0161pet na Igri\u0161\u0107u u Ka\u0161tel \u0160tafili\u0107u, sve\u010dano je otvoreno 23. Ka\u0161telansko&nbsp;kulturno&nbsp;ljeto&nbsp;koje ove godine broji sedamdesetak doga\u0111anja, gotovo dvostruko [&hellip;]<\/p>\n","protected":false},"author":7,"featured_media":4165,"comment_status":"closed","ping_status":"open","sticky":false,"template":"","format":"standard","meta":{"_acf_changed":false,"footnotes":""},"categories":[1],"tags":[],"class_list":["post-4164","post","type-post","status-publish","format-standard","has-post-thumbnail","hentry","category-novosti"],"acf":[],"_links":{"self":[{"href":"https:\/\/kastela.hr\/en\/wp-json\/wp\/v2\/posts\/4164","targetHints":{"allow":["GET"]}}],"collection":[{"href":"https:\/\/kastela.hr\/en\/wp-json\/wp\/v2\/posts"}],"about":[{"href":"https:\/\/kastela.hr\/en\/wp-json\/wp\/v2\/types\/post"}],"author":[{"embeddable":true,"href":"https:\/\/kastela.hr\/en\/wp-json\/wp\/v2\/users\/7"}],"replies":[{"embeddable":true,"href":"https:\/\/kastela.hr\/en\/wp-json\/wp\/v2\/comments?post=4164"}],"version-history":[{"count":1,"href":"https:\/\/kastela.hr\/en\/wp-json\/wp\/v2\/posts\/4164\/revisions"}],"predecessor-version":[{"id":6839,"href":"https:\/\/kastela.hr\/en\/wp-json\/wp\/v2\/posts\/4164\/revisions\/6839"}],"wp:featuredmedia":[{"embeddable":true,"href":"https:\/\/kastela.hr\/en\/wp-json\/wp\/v2\/media\/4165"}],"wp:attachment":[{"href":"https:\/\/kastela.hr\/en\/wp-json\/wp\/v2\/media?parent=4164"}],"wp:term":[{"taxonomy":"category","embeddable":true,"href":"https:\/\/kastela.hr\/en\/wp-json\/wp\/v2\/categories?post=4164"},{"taxonomy":"post_tag","embeddable":true,"href":"https:\/\/kastela.hr\/en\/wp-json\/wp\/v2\/tags?post=4164"}],"curies":[{"name":"wp","href":"https:\/\/api.w.org\/{rel}","templated":true}]}}