{"id":4161,"date":"2021-07-06T05:12:00","date_gmt":"2021-07-06T03:12:00","guid":{"rendered":"https:\/\/kastela.hr\/en\/2021\/07\/06\/kastelanski-dardin-citanja-koncert-hpd-bijacka-vila-knjizevno-glazbena-vecer-sa-zvjezdanom-cagalj\/"},"modified":"2024-08-29T10:47:53","modified_gmt":"2024-08-29T08:47:53","slug":"kastelanski-dardin-citanja-koncert-hpd-bijacka-vila-knjizevno-glazbena-vecer-sa-zvjezdanom-cagalj","status":"publish","type":"post","link":"https:\/\/kastela.hr\/en\/2021\/07\/06\/kastelanski-dardin-citanja-koncert-hpd-bijacka-vila-knjizevno-glazbena-vecer-sa-zvjezdanom-cagalj\/","title":{"rendered":"Ka\u0161telanski \u0110ardin \u010ditanja, koncert HPD Bija\u0107ka vila, knji\u017eevno glazbena ve\u010der sa Zvjezdanom \u010cagalj"},"content":{"rendered":"<p>Program Ka\u0161telanskog kulturnog ljeta i idu\u0107ih dana obiluje doga\u0111anjima.<\/p>\n<p>Ka\u0161telanski&nbsp;\u0110ardin \u010ditanja i pripovijedanja organizira&nbsp;Gradska knji\u017enica Ka\u0161tela u parku (Goja\u010da) u Ka\u0161tel Su\u0107urcu&nbsp;u <strong>utorak 6. srpnja<\/strong>&nbsp;s po\u010detkom&nbsp;u&nbsp;<strong>20 sati<\/strong>&nbsp;i tom prilikom \u0107e u\u010denici iz ka\u0161telanskih \u0161kola&nbsp;\u010ditati ka\u0161telanske legende, predaje, pri\u010de i narodne stihove o Ka\u0161telima. Tako \u0107e&nbsp;svi zainteresirani mo\u0107i ovom prilikom poslu\u0161ati narodne stihove o ka\u0161telanskim sveti\u0161tima, predaje o Gospi na Hladi, Gospi od Milosti, Gospi od Stomorije te legende o Ivanu Kumbatu, Ka\u0161telaninu, zapovjedniku otoka Krfa, legendu o Miljenku i Dobrili, legendu o drvenim raspelima fra Fulgencija Bakoti\u0107a, te putopise stranih putopisaca o Ka\u0161telima. Gradska knji\u017enica Ka\u0161tela pripremila je i poneka iznena\u0111enja za sve nazo\u010dne pa \u0107e tako svi koji to\u010dno odgovore na neke ka\u0161telanske stare zagonetke i pitalice mo\u0107i osvojiti zbornik Pinka smija ili Ka\u0161telanske \u0161torije.&nbsp;<\/p>\n<p>U <strong>srijedu<\/strong>, <strong>7. srpnja<\/strong> u <strong>20:30 sati<\/strong> svoj sve\u010dani koncert u dvorcu Vitturi odr\u017eat \u0107e Hrvatsko pjeva\u010dko dru\u0161tvo Bija\u0107ka vila.<\/p>\n<p>U <strong>\u010detvrtak<\/strong>, <strong>8. srpnja<\/strong> s po\u010detkom u <strong>20:30 sati<\/strong> u Gospojskoj \u0161tradi u Ka\u0161tel Su\u0107urcu odr\u017eat \u0107e se &#39;Zvjezdana pra\u0161ina&#39;, odnosno knji\u017eevno &ndash; glazbena ve\u010der sa Zvjezdanom \u010cagalj.<\/p>\n<p>&nbsp;<\/p>\n<p>&nbsp;<\/p>\n","protected":false},"excerpt":{"rendered":"<p>Program Ka\u0161telanskog kulturnog ljeta i idu\u0107ih dana obiluje doga\u0111anjima. Ka\u0161telanski&nbsp;\u0110ardin \u010ditanja i pripovijedanja organizira&nbsp;Gradska knji\u017enica Ka\u0161tela u parku (Goja\u010da) u [&hellip;]<\/p>\n","protected":false},"author":7,"featured_media":4162,"comment_status":"closed","ping_status":"open","sticky":false,"template":"","format":"standard","meta":{"_acf_changed":false,"footnotes":""},"categories":[1],"tags":[],"class_list":["post-4161","post","type-post","status-publish","format-standard","has-post-thumbnail","hentry","category-novosti"],"acf":[],"_links":{"self":[{"href":"https:\/\/kastela.hr\/en\/wp-json\/wp\/v2\/posts\/4161","targetHints":{"allow":["GET"]}}],"collection":[{"href":"https:\/\/kastela.hr\/en\/wp-json\/wp\/v2\/posts"}],"about":[{"href":"https:\/\/kastela.hr\/en\/wp-json\/wp\/v2\/types\/post"}],"author":[{"embeddable":true,"href":"https:\/\/kastela.hr\/en\/wp-json\/wp\/v2\/users\/7"}],"replies":[{"embeddable":true,"href":"https:\/\/kastela.hr\/en\/wp-json\/wp\/v2\/comments?post=4161"}],"version-history":[{"count":1,"href":"https:\/\/kastela.hr\/en\/wp-json\/wp\/v2\/posts\/4161\/revisions"}],"predecessor-version":[{"id":6838,"href":"https:\/\/kastela.hr\/en\/wp-json\/wp\/v2\/posts\/4161\/revisions\/6838"}],"wp:featuredmedia":[{"embeddable":true,"href":"https:\/\/kastela.hr\/en\/wp-json\/wp\/v2\/media\/4162"}],"wp:attachment":[{"href":"https:\/\/kastela.hr\/en\/wp-json\/wp\/v2\/media?parent=4161"}],"wp:term":[{"taxonomy":"category","embeddable":true,"href":"https:\/\/kastela.hr\/en\/wp-json\/wp\/v2\/categories?post=4161"},{"taxonomy":"post_tag","embeddable":true,"href":"https:\/\/kastela.hr\/en\/wp-json\/wp\/v2\/tags?post=4161"}],"curies":[{"name":"wp","href":"https:\/\/api.w.org\/{rel}","templated":true}]}}