{"id":4146,"date":"2021-07-14T02:00:00","date_gmt":"2021-07-14T00:00:00","guid":{"rendered":"https:\/\/kastela.hr\/en\/2021\/07\/14\/glazbene-veceri-kod-svetog-jeronima-igrokazi-i-plesne-tocke-timbar-i-predstava-za-djecu-avijonko-se-zeni\/"},"modified":"2024-08-29T10:47:53","modified_gmt":"2024-08-29T08:47:53","slug":"glazbene-veceri-kod-svetog-jeronima-igrokazi-i-plesne-tocke-timbar-i-predstava-za-djecu-avijonko-se-zeni","status":"publish","type":"post","link":"https:\/\/kastela.hr\/en\/2021\/07\/14\/glazbene-veceri-kod-svetog-jeronima-igrokazi-i-plesne-tocke-timbar-i-predstava-za-djecu-avijonko-se-zeni\/","title":{"rendered":"Glazbene ve\u010deri kod svetog Jeronima, igrokazi i plesne to\u010dke &#8216;Timbar&#8217; i predstava za djecu &#8216;Avijonko se \u017eeni&#8217;"},"content":{"rendered":"<p>U okviru Ka\u0161telanskog kulturnog ljeta 2021. idu\u0107ih dana na rasporedu su glazbene ve\u010deri ali i dje\u010dji program.<\/p>\n<p><strong>U petak, 16. srpnja<\/strong> <strong>u 21 sat<\/strong> pred starom crkvicom svetog Jeronima u Ka\u0161tel Gomilici nastupa Hrvatski guda\u010dki kvartet, a za organizacijski dio zadu\u017eena je Udruga sveti Jeronim koja je organizirala i ovo doga\u0111anje u okviru Glazbenih ve\u010deri kod svetog Jeronima. Iako je Hrvatski guda\u010dki kvartet osnutkom najmla\u0111i me\u0111u hrvatskim kvartetima, svojom energijom,&nbsp;predano\u0161\u0107u&nbsp;i kvalitetom brzo se etablirao kao vode\u0107i komorni sastav u Hrvatskoj.<\/p>\n<p><strong>U nedjelju, 18. srpnja u 20 i 30 sati<\/strong> ispred Glazbene \u0161kole u Ka\u0161tel Kambelovcu odr\u017eat \u0107e se dramski i glazbeni program za djecu i mlade uprizorenjem igrokaza i plesne to\u010dke &#39;Timbar&#39; u organizaciji Udruge Karol Wojtyla.<\/p>\n<p><strong>U ponedjeljak, 19. srpnja u 20 sati<\/strong> u \u0161kolskom botani\u010dkom vrtu Osnovne \u0161kole Ostrog u Ka\u0161tel Luk\u0161i\u0107u na rasporedu je predstava za djecu &#39;Avijnoko se \u017eeni&#39;, kazali\u0161na predstava u izvedbi Gradskog kazali\u0161ta Scena &#39;Gorica&#39;, a u organizaciji Grada Ka\u0161tela.<\/p>\n<p>Ulaz za sva doga\u0111anja je slobodan, a cjelokupni program ovogodi\u0161njeg Ka\u0161telanskog kulturnog ljeta mo\u017eete preuzeti ispod teksta.<\/p>\n","protected":false},"excerpt":{"rendered":"<p>U okviru Ka\u0161telanskog kulturnog ljeta 2021. idu\u0107ih dana na rasporedu su glazbene ve\u010deri ali i dje\u010dji program. U petak, 16. [&hellip;]<\/p>\n","protected":false},"author":7,"featured_media":4147,"comment_status":"closed","ping_status":"open","sticky":false,"template":"","format":"standard","meta":{"_acf_changed":false,"footnotes":""},"categories":[1],"tags":[],"class_list":["post-4146","post","type-post","status-publish","format-standard","has-post-thumbnail","hentry","category-novosti"],"acf":[],"_links":{"self":[{"href":"https:\/\/kastela.hr\/en\/wp-json\/wp\/v2\/posts\/4146","targetHints":{"allow":["GET"]}}],"collection":[{"href":"https:\/\/kastela.hr\/en\/wp-json\/wp\/v2\/posts"}],"about":[{"href":"https:\/\/kastela.hr\/en\/wp-json\/wp\/v2\/types\/post"}],"author":[{"embeddable":true,"href":"https:\/\/kastela.hr\/en\/wp-json\/wp\/v2\/users\/7"}],"replies":[{"embeddable":true,"href":"https:\/\/kastela.hr\/en\/wp-json\/wp\/v2\/comments?post=4146"}],"version-history":[{"count":1,"href":"https:\/\/kastela.hr\/en\/wp-json\/wp\/v2\/posts\/4146\/revisions"}],"predecessor-version":[{"id":6834,"href":"https:\/\/kastela.hr\/en\/wp-json\/wp\/v2\/posts\/4146\/revisions\/6834"}],"wp:featuredmedia":[{"embeddable":true,"href":"https:\/\/kastela.hr\/en\/wp-json\/wp\/v2\/media\/4147"}],"wp:attachment":[{"href":"https:\/\/kastela.hr\/en\/wp-json\/wp\/v2\/media?parent=4146"}],"wp:term":[{"taxonomy":"category","embeddable":true,"href":"https:\/\/kastela.hr\/en\/wp-json\/wp\/v2\/categories?post=4146"},{"taxonomy":"post_tag","embeddable":true,"href":"https:\/\/kastela.hr\/en\/wp-json\/wp\/v2\/tags?post=4146"}],"curies":[{"name":"wp","href":"https:\/\/api.w.org\/{rel}","templated":true}]}}