{"id":4143,"date":"2021-07-24T01:00:00","date_gmt":"2021-07-23T23:00:00","guid":{"rendered":"https:\/\/kastela.hr\/en\/2021\/07\/24\/obavijest-koncert-klape-storija-prebacen-za-utorak-27-srpnja\/"},"modified":"2024-08-29T10:47:53","modified_gmt":"2024-08-29T08:47:53","slug":"obavijest-koncert-klape-storija-prebacen-za-utorak-27-srpnja","status":"publish","type":"post","link":"https:\/\/kastela.hr\/en\/2021\/07\/24\/obavijest-koncert-klape-storija-prebacen-za-utorak-27-srpnja\/","title":{"rendered":"Obavijest &#8211; koncert klape \u0160torija preba\u010den za utorak, 27. srpnja"},"content":{"rendered":"<p>Iz \u017eenske klape \u0160torija obavje\u0161tavaju gra\u0111ane da \u0107e se koncert koji je bio planiran za srijedu, 28. srpnja 2021. na Brcu u Ka\u0161tel Kambelovcu odr\u017eati dan ranije, u utorak 27. srpnja na istom mjestu u 20 i 30 sati.<\/p>\n<p>Rije\u010d je o cjelove\u010dernjem koncertu klape \u0160torija koji \u0107e se odr\u017eati u okviru ovogodi\u0161njeg programa Ka\u0161telanskog kulturnog ljeta 2021.<\/p>\n<p>&nbsp;<\/p>\n","protected":false},"excerpt":{"rendered":"<p>Iz \u017eenske klape \u0160torija obavje\u0161tavaju gra\u0111ane da \u0107e se koncert koji je bio planiran za srijedu, 28. srpnja 2021. na [&hellip;]<\/p>\n","protected":false},"author":7,"featured_media":4144,"comment_status":"closed","ping_status":"open","sticky":false,"template":"","format":"standard","meta":{"_acf_changed":false,"footnotes":""},"categories":[1],"tags":[],"class_list":["post-4143","post","type-post","status-publish","format-standard","has-post-thumbnail","hentry","category-novosti"],"acf":[],"_links":{"self":[{"href":"https:\/\/kastela.hr\/en\/wp-json\/wp\/v2\/posts\/4143","targetHints":{"allow":["GET"]}}],"collection":[{"href":"https:\/\/kastela.hr\/en\/wp-json\/wp\/v2\/posts"}],"about":[{"href":"https:\/\/kastela.hr\/en\/wp-json\/wp\/v2\/types\/post"}],"author":[{"embeddable":true,"href":"https:\/\/kastela.hr\/en\/wp-json\/wp\/v2\/users\/7"}],"replies":[{"embeddable":true,"href":"https:\/\/kastela.hr\/en\/wp-json\/wp\/v2\/comments?post=4143"}],"version-history":[{"count":1,"href":"https:\/\/kastela.hr\/en\/wp-json\/wp\/v2\/posts\/4143\/revisions"}],"predecessor-version":[{"id":6823,"href":"https:\/\/kastela.hr\/en\/wp-json\/wp\/v2\/posts\/4143\/revisions\/6823"}],"wp:featuredmedia":[{"embeddable":true,"href":"https:\/\/kastela.hr\/en\/wp-json\/wp\/v2\/media\/4144"}],"wp:attachment":[{"href":"https:\/\/kastela.hr\/en\/wp-json\/wp\/v2\/media?parent=4143"}],"wp:term":[{"taxonomy":"category","embeddable":true,"href":"https:\/\/kastela.hr\/en\/wp-json\/wp\/v2\/categories?post=4143"},{"taxonomy":"post_tag","embeddable":true,"href":"https:\/\/kastela.hr\/en\/wp-json\/wp\/v2\/tags?post=4143"}],"curies":[{"name":"wp","href":"https:\/\/api.w.org\/{rel}","templated":true}]}}