{"id":4140,"date":"2021-07-31T03:30:00","date_gmt":"2021-07-31T01:30:00","guid":{"rendered":"https:\/\/kastela.hr\/en\/2021\/07\/31\/otkazano-svecani-koncert-povodom-dana-domovinske-zahvalnosti-i-dana-hrvatskih-branitelja\/"},"modified":"2024-08-29T10:47:53","modified_gmt":"2024-08-29T08:47:53","slug":"otkazano-svecani-koncert-povodom-dana-domovinske-zahvalnosti-i-dana-hrvatskih-branitelja","status":"publish","type":"post","link":"https:\/\/kastela.hr\/en\/2021\/07\/31\/otkazano-svecani-koncert-povodom-dana-domovinske-zahvalnosti-i-dana-hrvatskih-branitelja\/","title":{"rendered":"OTKAZANO &#8211; sve\u010dani koncert povodom Dana domovinske zahvalnosti i Dana hrvatskih branitelja"},"content":{"rendered":"<p>Iz Turisti\u010dke zajednice grada Ka\u0161tela obavje\u0161tavaju gra\u0111ane da se koncert povodom <em>Dana<\/em> <em>domovinske zahvalnosti<\/em> i&nbsp;<em>Dana<\/em>&nbsp;hrvatskih branitelja koji bio predvi\u0111en 3. kolovoza, utorak, u 21&nbsp;sat&nbsp;ispred crkve u Ka\u0161tel Starom, ne\u0107e odr\u017eati. Tim povodom trebali su nastupiti: simfonijski orkestar HV-a, klapa HRM Sveti Juraj i gosti.<\/p>\n<p>&nbsp;<\/p>\n","protected":false},"excerpt":{"rendered":"<p>Iz Turisti\u010dke zajednice grada Ka\u0161tela obavje\u0161tavaju gra\u0111ane da se koncert povodom Dana domovinske zahvalnosti i&nbsp;Dana&nbsp;hrvatskih branitelja koji bio predvi\u0111en 3. [&hellip;]<\/p>\n","protected":false},"author":7,"featured_media":4141,"comment_status":"closed","ping_status":"open","sticky":false,"template":"","format":"standard","meta":{"_acf_changed":false,"footnotes":""},"categories":[1],"tags":[],"class_list":["post-4140","post","type-post","status-publish","format-standard","has-post-thumbnail","hentry","category-novosti"],"acf":[],"_links":{"self":[{"href":"https:\/\/kastela.hr\/en\/wp-json\/wp\/v2\/posts\/4140","targetHints":{"allow":["GET"]}}],"collection":[{"href":"https:\/\/kastela.hr\/en\/wp-json\/wp\/v2\/posts"}],"about":[{"href":"https:\/\/kastela.hr\/en\/wp-json\/wp\/v2\/types\/post"}],"author":[{"embeddable":true,"href":"https:\/\/kastela.hr\/en\/wp-json\/wp\/v2\/users\/7"}],"replies":[{"embeddable":true,"href":"https:\/\/kastela.hr\/en\/wp-json\/wp\/v2\/comments?post=4140"}],"version-history":[{"count":1,"href":"https:\/\/kastela.hr\/en\/wp-json\/wp\/v2\/posts\/4140\/revisions"}],"predecessor-version":[{"id":6818,"href":"https:\/\/kastela.hr\/en\/wp-json\/wp\/v2\/posts\/4140\/revisions\/6818"}],"wp:featuredmedia":[{"embeddable":true,"href":"https:\/\/kastela.hr\/en\/wp-json\/wp\/v2\/media\/4141"}],"wp:attachment":[{"href":"https:\/\/kastela.hr\/en\/wp-json\/wp\/v2\/media?parent=4140"}],"wp:term":[{"taxonomy":"category","embeddable":true,"href":"https:\/\/kastela.hr\/en\/wp-json\/wp\/v2\/categories?post=4140"},{"taxonomy":"post_tag","embeddable":true,"href":"https:\/\/kastela.hr\/en\/wp-json\/wp\/v2\/tags?post=4140"}],"curies":[{"name":"wp","href":"https:\/\/api.w.org\/{rel}","templated":true}]}}