{"id":4131,"date":"2021-07-20T03:59:00","date_gmt":"2021-07-20T01:59:00","guid":{"rendered":"https:\/\/kastela.hr\/en\/2021\/07\/20\/sazvana-2-sjednica-gradskog-vijeca\/"},"modified":"2024-08-29T10:47:53","modified_gmt":"2024-08-29T08:47:53","slug":"sazvana-2-sjednica-gradskog-vijeca","status":"publish","type":"post","link":"https:\/\/kastela.hr\/en\/2021\/07\/20\/sazvana-2-sjednica-gradskog-vijeca\/","title":{"rendered":"Sazvana 2. sjednica Gradskog vije\u0107a"},"content":{"rendered":"<p>Predsjednik Gradskog vije\u0107a Ivan Udovi\u010di\u0107 sazvao je&nbsp;<strong>2. sjednicu Gradskog vije\u0107a Grada Ka\u0161tela koja \u0107e se odr\u017eati&nbsp;<\/strong><strong>21. srpnja (srijeda) 2021. g. u 11,00 sati u Gradskoj vije\u0107nici.<\/strong><\/p>\n<p>Dnevni red se sastoji od 23 to\u010dke<\/p>\n<p>1. Izvje\u0161\u0107e Mandatne komisije<\/p>\n<p>2. Usvajanje Zapisnika s Konstituiraju\u0107e (1.) sjednice Gradskog vije\u0107a<\/p>\n<p>3. Vije\u0107ni\u010dka pitanja i prijedlozi<\/p>\n<p>4. Izvje\u0161\u0107e o stanju u prostoru Grada Ka\u0161tela za razdoblje 2014. &ndash; 2019. g.<\/p>\n<p>&#8211; Izvjestitelj: predstavnik stru\u010dnog izra\u0111iva\u010da GISplan d. o. o .Split<\/p>\n<p>5. Izvje\u0161\u0107e o radu Javne ustanove \u0160portski objekti Ka\u0161tela i Godi\u0161nji izvje\u0161taj o izvr\u0161enju financijskog plana Javne ustanove \u0160portski objekti Ka\u0161tela za 2020. godinu<\/p>\n<p>&#8211; Izvjestitelj: Ante \u0160i\u0161kov, v. d. ravnatelj Javne ustanove \u0160portski objekti Ka\u0161tela<\/p>\n<p>6. Izvje\u0161\u0107e o radu Muzeja grada Ka\u0161tela za 2020. godinu i Godi\u0161nje izvje\u0161\u0107e o izvr\u0161enje financijskog plana Muzeja grada Ka\u0161tela za 2020. godinu<\/p>\n<p>&#8211; Izvjestitelj: Ivan \u0160uta, ravnatelj Muzeja grada Ka\u0161tela<\/p>\n<p>7. Izvje\u0161\u0107e o radu Gradske knji\u017enice Ka\u0161tela za 2020. godinu i Godi\u0161nji izvje\u0161\u0107e o izvr\u0161enju financijskog plana Gradske knji\u017enice Ka\u0161tela za 2020.. godinu<\/p>\n<p>&#8211; Izvjestiteljica: Renata Dobri\u0107, ravnateljica Gradske knji\u017enice Ka\u0161tela<\/p>\n<p>8. Izvje\u0161\u0107e o radu Dje\u010djeg vrti\u0107a &quot;Ka\u0161tela&quot; za pedago\u0161ku godinu 2019\/2020. i Godi\u0161nji izvje\u0161taj o izvr\u0161enju financijskog plana Dje\u010djeg vrti\u0107a &quot;Ka\u0161tela&quot; za 2020. godinu<\/p>\n<p>&#8211; Izvjestiteljica: Ivanka Vu\u010dica, ravnateljica Dje\u010djeg vrti\u0107a &quot;Ka\u0161tela&quot;<\/p>\n<p>9. Prijedlog odluke o prijevozu putnika cestovnim turisti\u010dkim vlakom na podru\u010dju Grada Ka\u0161tela<\/p>\n<p>10. Prijedlog odluke o davanju gradskih prostora na privremeno kori\u0161tenje<\/p>\n<p>11. Prijedlog odluke o izmjeni Odluke o zakupu i kupoprodaji poslovnih prostora Grada Ka\u0161tela<\/p>\n<p>12. Prijedlog odluke o izmjeni Odluke o organizaciji parkiranja<\/p>\n<p>13. Prijedlog Programa potpore poljoprivredi na podru\u010dju Grada Ka\u0161tela (2021.-2023.)<\/p>\n<p>&#8211; Izvjestiteljica t. 9. do t. 13.: Marija Pelivan, pro\u010delnica Upravnog odjela za komunalno gospodarstvo, imovinsko &ndash; pravne poslove i za\u0161titu okoli\u0161a<\/p>\n<p>14. Prijedlog odluke o financiranju nabave radnih bilje\u017enica za obvezne i izborne predmete za u\u010denike osnovnih \u0161kola na podru\u010dju Grada Ka\u0161tela u \u0161kolskoj godini 2021.\/2022. kao financijske pomo\u0107i roditeljima<\/p>\n<p>&#8211; Izvjestitelj: Jak\u0161a Sokol, privremeni pro\u010delnik Upravnog odjela za dru\u0161tvene djelatnosti i op\u0107e poslove<\/p>\n<p>15. Prijedlog odluke o raspore\u0111ivanju sredstava za financiranje politi\u010dkih stranaka i \u010dlanova predstavni\u010dkih tijela izabranih s liste grupe bira\u010da Gradskog vije\u0107a Grada Ka\u0161tela za lipanj &#8211; prosinac 2021.g.<\/p>\n<p>&#8211; Izvjestiteljica: Sanda Jakus, pro\u010delnica Upravnog odjela za poslove Gradona\u010delnika i Gradskog vije\u0107a<\/p>\n<p>16. Prijedlog zaklju\u010dka o davanju prethodne suglasnosti na Prijedlog izmjena i dopuna Statuta Muzeja grada Ka\u0161tela<\/p>\n<p>17. Prijedlog zaklju\u010dka o davanju prethodne suglasnosti na Prijedlog izmjene Statuta Javne ustanove \u0160portski objekti Ka\u0161tela<\/p>\n<p>&#8211; Izvjestitelj t. 16. i 17.: Jak\u0161a Sokol, privremeni pro\u010delnik Upravnog odjela za dru\u0161tvene djelatnosti i op\u0107e poslove<\/p>\n<p>18. Prijedlog odluke o imenovanju \u010dlanova Povjerenstva za zakup i prodaju poljoprivrednog zemlji\u0161ta u vlasni\u0161tvu Republike Hrvatske<\/p>\n<p>&#8211; Izvjestiteljica: Marija Pelivan, pro\u010delnica Upravnog odjela za komunalno gospodarstvo,<\/p>\n<p>imovinsko &ndash; pravne poslove i za\u0161titu okoli\u0161a<\/p>\n<p>19. Prijedlog Rje\u0161enja o izboru predsjednika i \u010dlanova Odbora za financije i prora\u010dun<\/p>\n<p>20. Prijedlog Rje\u0161enja o izboru predsjednika i \u010dlanova Komisije za imena ulica i trgova i za spomenike<\/p>\n<p>21. Prijedlog rje\u0161enja o izboru predsjednika i \u010dlanova Komisije za predstavke i pritu\u017ebe<\/p>\n<p>22. Prijedlog Rje\u0161enja o izboru predsjednika i \u010dlanova Komisije za dodjelu javnih priznanja<\/p>\n<p>23. Prijedlog Rje\u0161enja o izboru predsjednika i \u010dlanova Komisije za me\u0111ugradsku i me\u0111unarodnu suradnju<\/p>\n<p>&#8211; Izvjestitelj: t. 19. do t. 23.: Teo Antunovi\u0107, predsjednik Odbora za izbor i imenovanja<\/p>\n<p><strong>Napomena: Materijali pod t. 18. do t. 23. biti \u0107e naknadno dostupni<\/strong><\/p>\n<p><strong>Sjednica \u0107e se odr\u017eati uz obvezno po\u0161tivanje propisanih epidemiolo\u0161kih mjera, a posebno dezinfekcije, no\u0161enje za\u0161titne maske te po\u0161tivanje mjere udaljenosti me\u0111u prisutnima.<\/strong><\/p>\n<p>Materijale i poziv na 2. sjednicu Gradskog vije\u0107a mo\u017eete preuzeti na linku ispod teksta<\/p>\n","protected":false},"excerpt":{"rendered":"<p>Predsjednik Gradskog vije\u0107a Ivan Udovi\u010di\u0107 sazvao je&nbsp;2. sjednicu Gradskog vije\u0107a Grada Ka\u0161tela koja \u0107e se odr\u017eati&nbsp;21. srpnja (srijeda) 2021. g. [&hellip;]<\/p>\n","protected":false},"author":7,"featured_media":4132,"comment_status":"closed","ping_status":"open","sticky":false,"template":"","format":"standard","meta":{"_acf_changed":false,"footnotes":""},"categories":[1],"tags":[],"class_list":["post-4131","post","type-post","status-publish","format-standard","has-post-thumbnail","hentry","category-novosti"],"acf":[],"_links":{"self":[{"href":"https:\/\/kastela.hr\/en\/wp-json\/wp\/v2\/posts\/4131","targetHints":{"allow":["GET"]}}],"collection":[{"href":"https:\/\/kastela.hr\/en\/wp-json\/wp\/v2\/posts"}],"about":[{"href":"https:\/\/kastela.hr\/en\/wp-json\/wp\/v2\/types\/post"}],"author":[{"embeddable":true,"href":"https:\/\/kastela.hr\/en\/wp-json\/wp\/v2\/users\/7"}],"replies":[{"embeddable":true,"href":"https:\/\/kastela.hr\/en\/wp-json\/wp\/v2\/comments?post=4131"}],"version-history":[{"count":1,"href":"https:\/\/kastela.hr\/en\/wp-json\/wp\/v2\/posts\/4131\/revisions"}],"predecessor-version":[{"id":6830,"href":"https:\/\/kastela.hr\/en\/wp-json\/wp\/v2\/posts\/4131\/revisions\/6830"}],"wp:featuredmedia":[{"embeddable":true,"href":"https:\/\/kastela.hr\/en\/wp-json\/wp\/v2\/media\/4132"}],"wp:attachment":[{"href":"https:\/\/kastela.hr\/en\/wp-json\/wp\/v2\/media?parent=4131"}],"wp:term":[{"taxonomy":"category","embeddable":true,"href":"https:\/\/kastela.hr\/en\/wp-json\/wp\/v2\/categories?post=4131"},{"taxonomy":"post_tag","embeddable":true,"href":"https:\/\/kastela.hr\/en\/wp-json\/wp\/v2\/tags?post=4131"}],"curies":[{"name":"wp","href":"https:\/\/api.w.org\/{rel}","templated":true}]}}