{"id":4125,"date":"2021-07-21T04:51:00","date_gmt":"2021-07-21T02:51:00","guid":{"rendered":"https:\/\/kastela.hr\/en\/2021\/07\/21\/obavijest-o-promjeni-mjesta-odrzavanja-koncerta-flaute-i-klavira\/"},"modified":"2024-08-29T10:47:53","modified_gmt":"2024-08-29T08:47:53","slug":"obavijest-o-promjeni-mjesta-odrzavanja-koncerta-flaute-i-klavira","status":"publish","type":"post","link":"https:\/\/kastela.hr\/en\/2021\/07\/21\/obavijest-o-promjeni-mjesta-odrzavanja-koncerta-flaute-i-klavira\/","title":{"rendered":"Obavijest o promjeni mjesta odr\u017eavanja koncerta flaute i klavira"},"content":{"rendered":"<p>U \u010detvrtak, 22. srpnja u 20 i 30 sati u Baletnoj \u0161koli u Ka\u0161tel Kambelovcu, prisutni \u0107e mo\u0107i u\u017eivati u koncertu flaute i klavira u izvedbi Nikoline Milardovi\u0107 i Domagoja Gu\u0161\u010di\u0107a.<\/p>\n<p>Koncert je prema programu Ka\u0161telanskog kulturnog ljeta 2021. trebao biti odr\u017ean u dvorcu Vitturi u Ka\u0161tel Luk\u0161i\u0107u, ali mjesto odr\u017eavanja koncerta je preba\u010deno na Baletnu \u0161kolu u Ka\u0161tel Kambelovac.<\/p>\n<p>&nbsp;<\/p>\n","protected":false},"excerpt":{"rendered":"<p>U \u010detvrtak, 22. srpnja u 20 i 30 sati u Baletnoj \u0161koli u Ka\u0161tel Kambelovcu, prisutni \u0107e mo\u0107i u\u017eivati u [&hellip;]<\/p>\n","protected":false},"author":7,"featured_media":4126,"comment_status":"closed","ping_status":"open","sticky":false,"template":"","format":"standard","meta":{"_acf_changed":false,"footnotes":""},"categories":[1],"tags":[],"class_list":["post-4125","post","type-post","status-publish","format-standard","has-post-thumbnail","hentry","category-novosti"],"acf":[],"_links":{"self":[{"href":"https:\/\/kastela.hr\/en\/wp-json\/wp\/v2\/posts\/4125","targetHints":{"allow":["GET"]}}],"collection":[{"href":"https:\/\/kastela.hr\/en\/wp-json\/wp\/v2\/posts"}],"about":[{"href":"https:\/\/kastela.hr\/en\/wp-json\/wp\/v2\/types\/post"}],"author":[{"embeddable":true,"href":"https:\/\/kastela.hr\/en\/wp-json\/wp\/v2\/users\/7"}],"replies":[{"embeddable":true,"href":"https:\/\/kastela.hr\/en\/wp-json\/wp\/v2\/comments?post=4125"}],"version-history":[{"count":1,"href":"https:\/\/kastela.hr\/en\/wp-json\/wp\/v2\/posts\/4125\/revisions"}],"predecessor-version":[{"id":6826,"href":"https:\/\/kastela.hr\/en\/wp-json\/wp\/v2\/posts\/4125\/revisions\/6826"}],"wp:featuredmedia":[{"embeddable":true,"href":"https:\/\/kastela.hr\/en\/wp-json\/wp\/v2\/media\/4126"}],"wp:attachment":[{"href":"https:\/\/kastela.hr\/en\/wp-json\/wp\/v2\/media?parent=4125"}],"wp:term":[{"taxonomy":"category","embeddable":true,"href":"https:\/\/kastela.hr\/en\/wp-json\/wp\/v2\/categories?post=4125"},{"taxonomy":"post_tag","embeddable":true,"href":"https:\/\/kastela.hr\/en\/wp-json\/wp\/v2\/tags?post=4125"}],"curies":[{"name":"wp","href":"https:\/\/api.w.org\/{rel}","templated":true}]}}