{"id":4122,"date":"2021-07-22T04:27:00","date_gmt":"2021-07-22T02:27:00","guid":{"rendered":"https:\/\/kastela.hr\/en\/2021\/07\/22\/veceri-dalmatinske-pisme-24-i-25-srpnja-u-kastel-kambelovcu\/"},"modified":"2024-08-29T10:47:53","modified_gmt":"2024-08-29T08:47:53","slug":"veceri-dalmatinske-pisme-24-i-25-srpnja-u-kastel-kambelovcu","status":"publish","type":"post","link":"https:\/\/kastela.hr\/en\/2021\/07\/22\/veceri-dalmatinske-pisme-24-i-25-srpnja-u-kastel-kambelovcu\/","title":{"rendered":"Ve\u010deri dalmatinske pisme 24. i 25. srpnja u Ka\u0161tel Kambelovcu"},"content":{"rendered":"<p>Ovogodi\u0161nji festival ve\u010deri dalmatinske pisme donosi dvije zanimljive glazbene ve\u010deri za sve ljubitelje modernijeg klapskog zvuka. Prvu ve\u010der publika \u0107e mo\u0107i u\u017eivati u samostalnom koncertu klape Cambi koja ovu godinu slavi 35 godina umjetni\u010dkog rada. Biti \u0107e to prilika da publici prika\u017eu najbolje od onoga \u0161to je ovaj ansambl radio tijekom dugog perioda u kojemu su se izmijenile generacije pjeva\u010da. To je ujedno i jedan od slavljeni\u010dkih koncerata kojim \u0107e klapa proslaviti svoj jubilej. Na pozornici \u0107e im se kao gosti pridru\u017eiti klapa Neverin, jo\u0161 jedan ka\u0161telanski dragulj koji iza sebe ima zavidan glazbeni put.<\/p>\n<p>Proteklih godina se na drugoj festivalskoj ve\u010deri odr\u017eavala ve\u010der klapa koje pjevaju autorske pjesme uz pratnju orkestra. Ove godine je festivalsko vodstvo odlu\u010dilo napraviti zaokret prema staroj tradiciji VDP-a &#8211; vokalnim obradama popularnih skladbi. Tako \u0107e na festivalskoj pozornici u konkurenciji za nagrade stru\u010dnog vije\u0107a i publike nastupiti klape: Lu\u0161e, Neverin, Kampaneli, Fjoret, Elektrodlamacija, Kolapljani, Stentoria, \u0160torija, Sveti Jeronim, Kastav (M), Kastav (\u017d), More, Podvorje, Kapric, Kurjo\u017ee, Spalatos, Ve\u017eilica, Zvizdan i Partenca. Festival \u0107e se odr\u017eati na poljani pokraj crkve Svetog Mihovila u Ka\u0161tel Kambelovcu, a program \u0107e voditi Frano Ridjan i Mariola Milardovi\u0107 Peri\u0107.<\/p>\n<p>Karte se mogu kupiti putem Croatia Ticketsa (online), na recepciji hotela Baletna \u0161kola u Ka\u0161tel Kambelovcu i na ulazu sat vremena prije po\u010detka koncerta.<\/p>\n<p>Ulaz u gledali\u0161te je mogu\u0107 uz obavezno predo\u010denje COVID potvrde, a sve zapo\u010dinje&nbsp;u 21 sat.<\/p>\n","protected":false},"excerpt":{"rendered":"<p>Ovogodi\u0161nji festival ve\u010deri dalmatinske pisme donosi dvije zanimljive glazbene ve\u010deri za sve ljubitelje modernijeg klapskog zvuka. Prvu ve\u010der publika \u0107e [&hellip;]<\/p>\n","protected":false},"author":7,"featured_media":4123,"comment_status":"closed","ping_status":"open","sticky":false,"template":"","format":"standard","meta":{"_acf_changed":false,"footnotes":""},"categories":[1],"tags":[],"class_list":["post-4122","post","type-post","status-publish","format-standard","has-post-thumbnail","hentry","category-novosti"],"acf":[],"_links":{"self":[{"href":"https:\/\/kastela.hr\/en\/wp-json\/wp\/v2\/posts\/4122","targetHints":{"allow":["GET"]}}],"collection":[{"href":"https:\/\/kastela.hr\/en\/wp-json\/wp\/v2\/posts"}],"about":[{"href":"https:\/\/kastela.hr\/en\/wp-json\/wp\/v2\/types\/post"}],"author":[{"embeddable":true,"href":"https:\/\/kastela.hr\/en\/wp-json\/wp\/v2\/users\/7"}],"replies":[{"embeddable":true,"href":"https:\/\/kastela.hr\/en\/wp-json\/wp\/v2\/comments?post=4122"}],"version-history":[{"count":1,"href":"https:\/\/kastela.hr\/en\/wp-json\/wp\/v2\/posts\/4122\/revisions"}],"predecessor-version":[{"id":6825,"href":"https:\/\/kastela.hr\/en\/wp-json\/wp\/v2\/posts\/4122\/revisions\/6825"}],"wp:featuredmedia":[{"embeddable":true,"href":"https:\/\/kastela.hr\/en\/wp-json\/wp\/v2\/media\/4123"}],"wp:attachment":[{"href":"https:\/\/kastela.hr\/en\/wp-json\/wp\/v2\/media?parent=4122"}],"wp:term":[{"taxonomy":"category","embeddable":true,"href":"https:\/\/kastela.hr\/en\/wp-json\/wp\/v2\/categories?post=4122"},{"taxonomy":"post_tag","embeddable":true,"href":"https:\/\/kastela.hr\/en\/wp-json\/wp\/v2\/tags?post=4122"}],"curies":[{"name":"wp","href":"https:\/\/api.w.org\/{rel}","templated":true}]}}