{"id":4119,"date":"2021-07-23T05:59:00","date_gmt":"2021-07-23T03:59:00","guid":{"rendered":"https:\/\/kastela.hr\/en\/2021\/07\/23\/video-odrzana-2-sjednica-gradskog-vijeca\/"},"modified":"2024-08-29T10:47:53","modified_gmt":"2024-08-29T08:47:53","slug":"video-odrzana-2-sjednica-gradskog-vijeca","status":"publish","type":"post","link":"https:\/\/kastela.hr\/en\/2021\/07\/23\/video-odrzana-2-sjednica-gradskog-vijeca\/","title":{"rendered":"VIDEO: Odr\u017eana 2. sjednica Gradskog vije\u0107a"},"content":{"rendered":"<p>U gradskoj vije\u0107nici odr\u017eana je 2. sjednica Gradskog vije\u0107a u ovom mandatu koja je obuhvatila 23 to\u010dke dnevnog reda. Odmah na po\u010detku sjednice, do\u0161lo je do promjene u redovima Mostovih vije\u0107nika. Umjesto Nik\u0161e Tranfi\u0107a, koji je svoj mandat stavio u mirovanje, \u010dlanicom Gradskog vije\u0107a postala je Meri Bedalov-Smoje koja je ovom prilikom prisegnula na vije\u0107ni\u010dku du\u017enost.<\/p>\n<p>Me\u0111u ostalim, prihva\u0107eno je izvje\u0161\u0107e o radu i financijski plan Gradske knji\u017enice Ka\u0161tela, izvje\u0161\u0107e o radu Muzeja grada Ka\u0161tela, izvje\u0161\u0107e o Dje\u010djem vrti\u0107u Ka\u0161tela, kao i izvje\u0161\u0107e i plan javne ustanove \u0160portski objekti.<\/p>\n<p>Izra\u0111iva\u010d GIS plan podnio je izvje\u0161\u0107e o stanju u prostoru za razdoblje od 2014. do 2019. godine koje je donijelo podatke o osnovnim prostornim obilje\u017ejima, stanovni\u0161tvu, ku\u0107anstvima, gospodarskoj strukturi, gra\u0111evinama, zemlji\u0161tima, prostornom razvoju, opremljenosti, infrastrukturi, za\u0161titi pojedinih prostora, posebne karakteristike i drugim elementima koji \u010dine stanje u prostoru. Slijedom navedenoga, vije\u0107nici su raspravljali o nizu preporuka, mjera i aktivnosti o unaprije\u0111enju prostornog razvoja.<\/p>\n<p>Suglasnost vije\u0107nika dobila je i odluka o financiranju radnog materijala za u\u010denike osnovnih \u0161kola za \u0161to \u0107e Grad Ka\u0161tela izdvojiti milijun i 600 tisu\u0107a kuna. Roditeljima ne\u0107e biti ispla\u0107en nov\u010dani iznos kao prethodnih godina, ve\u0107 \u0107e Grad sve dogovoriti s osnovnim \u0161kolama tako da \u0107e roditelji biti po\u0161te\u0111eni kupovine i tra\u017eenja po knji\u017earama, a u\u010denike \u0107e sve do\u010dekati na klupama.<\/p>\n<p>Usvojena je odluka o davanju gradskih prostora na kori\u0161tenje, kojom se utvr\u0111uju kriteriji i uvjeti za dodjelu prostora u vlasni\u0161tvu Grada udrugama, zajednicama, vjerskim zajednicama, umjetni\u010dkim organizacijama, politi\u010dkim strankama i nezavisnim listama. Prema odluci vije\u0107nika, s prometovanjem uskoro zapo\u010dinje cestovni turisti\u010dki vlaki\u0107, a Ka\u0161tel Luk\u0161i\u0107 dobio je novo parkirali\u0161te kod pla\u017ee Glavica koje obuhva\u0107a 33 parkirna mjesta i dva&nbsp;parkirna mjesta za invalidne osobe.<\/p>\n<p>Imenovani su \u010dlanovi pojedinih radnih tijela Gradskog vije\u0107a pa su tako u Odbor za financije i prora\u010dun Mario \u0160kopljanac, koji je izabran za predsjednika te \u010dlanovi Antonija Topi\u0107, Goran Samard\u017ei\u0107, Sanja Viculin i Tomislav Kova\u010d. Komisiju za imena trgova i ulica \u010dinit \u0107e Doris Grgurin, Nela Kelam, \u017deljan Jurlin, Jo\u0161ko Boti\u0107, Tone Reni\u0107, Ilija Kri\u017ei\u0107 te predsjednik Bo\u0161ko D\u017eoli\u0107. Predsjednica&nbsp;Komisije za predstavke i pritu\u017ebe bit \u0107e Nela Kelam, a \u010dlanovi Mili Novak, Doris Grgurin, Dra\u0161ko Kuli\u0161&nbsp;i Mario Banovac. U komisiju za javna priznanja izabrani su predsjednica Antonija Topi\u0107, Teo Antunovi\u0107, Bo\u0161ko D\u017eoli\u0107, Mario Serajli\u0107, Dina Bali\u0107, Veselko Andromak i Lada Bratin\u010devi\u0107. Komisiju za me\u0111ugradsku suradnju \u010dine Dina Bali\u0107, Branimir Matijaca, Anto Komljen, Meri \u0160kopljanac-Gagi\u0107 i predsjednica Marijana Vulas.<\/p>\n<p>Video snimku 2. sjednice Gradskog vije\u0107a mo\u017eete pogledati ispod teksta<\/p>\n","protected":false},"excerpt":{"rendered":"<p>U gradskoj vije\u0107nici odr\u017eana je 2. sjednica Gradskog vije\u0107a u ovom mandatu koja je obuhvatila 23 to\u010dke dnevnog reda. Odmah [&hellip;]<\/p>\n","protected":false},"author":7,"featured_media":4120,"comment_status":"closed","ping_status":"open","sticky":false,"template":"","format":"standard","meta":{"_acf_changed":false,"footnotes":""},"categories":[1],"tags":[],"class_list":["post-4119","post","type-post","status-publish","format-standard","has-post-thumbnail","hentry","category-novosti"],"acf":[],"_links":{"self":[{"href":"https:\/\/kastela.hr\/en\/wp-json\/wp\/v2\/posts\/4119","targetHints":{"allow":["GET"]}}],"collection":[{"href":"https:\/\/kastela.hr\/en\/wp-json\/wp\/v2\/posts"}],"about":[{"href":"https:\/\/kastela.hr\/en\/wp-json\/wp\/v2\/types\/post"}],"author":[{"embeddable":true,"href":"https:\/\/kastela.hr\/en\/wp-json\/wp\/v2\/users\/7"}],"replies":[{"embeddable":true,"href":"https:\/\/kastela.hr\/en\/wp-json\/wp\/v2\/comments?post=4119"}],"version-history":[{"count":1,"href":"https:\/\/kastela.hr\/en\/wp-json\/wp\/v2\/posts\/4119\/revisions"}],"predecessor-version":[{"id":6824,"href":"https:\/\/kastela.hr\/en\/wp-json\/wp\/v2\/posts\/4119\/revisions\/6824"}],"wp:featuredmedia":[{"embeddable":true,"href":"https:\/\/kastela.hr\/en\/wp-json\/wp\/v2\/media\/4120"}],"wp:attachment":[{"href":"https:\/\/kastela.hr\/en\/wp-json\/wp\/v2\/media?parent=4119"}],"wp:term":[{"taxonomy":"category","embeddable":true,"href":"https:\/\/kastela.hr\/en\/wp-json\/wp\/v2\/categories?post=4119"},{"taxonomy":"post_tag","embeddable":true,"href":"https:\/\/kastela.hr\/en\/wp-json\/wp\/v2\/tags?post=4119"}],"curies":[{"name":"wp","href":"https:\/\/api.w.org\/{rel}","templated":true}]}}