{"id":4116,"date":"2021-07-21T03:38:00","date_gmt":"2021-07-21T01:38:00","guid":{"rendered":"https:\/\/kastela.hr\/en\/2021\/07\/21\/glazbene-veceri-kod-sv-jeronima\/"},"modified":"2024-08-29T10:47:53","modified_gmt":"2024-08-29T08:47:53","slug":"glazbene-veceri-kod-sv-jeronima","status":"publish","type":"post","link":"https:\/\/kastela.hr\/en\/2021\/07\/21\/glazbene-veceri-kod-sv-jeronima\/","title":{"rendered":"Glazbene ve\u010deri kod sv. Jeronima"},"content":{"rendered":"<p>\u010cetvrte Glazbene ve\u010deri kod sv. Jeronima nastavljaju se ovog ponedjeljka, 26. srpnja koncertom u \u017eupnoj crkvi svetog Jeronima u Ka\u0161tel Gomilici gdje nastupa duo kojeg \u010dine Josipa Leko za orguljama i &nbsp;Dario Gol\u010di\u0107 koji \u0107e svirati obou.<\/p>\n<p>Festival organizira Udruga sv. Jeronim pod pokroviteljstvom Ministarstva kulture i medija RH, Grada Ka\u0161tela, TZ grada Ka\u0161tela, Splitsko-dalmatinske \u017eupanije&nbsp; i \u017dupe sv. Jeronima.<\/p>\n<p>Koncert \u0107e se odr\u017eati s po\u010detkom u 21 sat. Ulaz je slobodan.<\/p>\n<p>&nbsp;<\/p>\n","protected":false},"excerpt":{"rendered":"<p>\u010cetvrte Glazbene ve\u010deri kod sv. Jeronima nastavljaju se ovog ponedjeljka, 26. srpnja koncertom u \u017eupnoj crkvi svetog Jeronima u Ka\u0161tel [&hellip;]<\/p>\n","protected":false},"author":7,"featured_media":4117,"comment_status":"closed","ping_status":"open","sticky":false,"template":"","format":"standard","meta":{"_acf_changed":false,"footnotes":""},"categories":[1],"tags":[],"class_list":["post-4116","post","type-post","status-publish","format-standard","has-post-thumbnail","hentry","category-novosti"],"acf":[],"_links":{"self":[{"href":"https:\/\/kastela.hr\/en\/wp-json\/wp\/v2\/posts\/4116","targetHints":{"allow":["GET"]}}],"collection":[{"href":"https:\/\/kastela.hr\/en\/wp-json\/wp\/v2\/posts"}],"about":[{"href":"https:\/\/kastela.hr\/en\/wp-json\/wp\/v2\/types\/post"}],"author":[{"embeddable":true,"href":"https:\/\/kastela.hr\/en\/wp-json\/wp\/v2\/users\/7"}],"replies":[{"embeddable":true,"href":"https:\/\/kastela.hr\/en\/wp-json\/wp\/v2\/comments?post=4116"}],"version-history":[{"count":1,"href":"https:\/\/kastela.hr\/en\/wp-json\/wp\/v2\/posts\/4116\/revisions"}],"predecessor-version":[{"id":6828,"href":"https:\/\/kastela.hr\/en\/wp-json\/wp\/v2\/posts\/4116\/revisions\/6828"}],"wp:featuredmedia":[{"embeddable":true,"href":"https:\/\/kastela.hr\/en\/wp-json\/wp\/v2\/media\/4117"}],"wp:attachment":[{"href":"https:\/\/kastela.hr\/en\/wp-json\/wp\/v2\/media?parent=4116"}],"wp:term":[{"taxonomy":"category","embeddable":true,"href":"https:\/\/kastela.hr\/en\/wp-json\/wp\/v2\/categories?post=4116"},{"taxonomy":"post_tag","embeddable":true,"href":"https:\/\/kastela.hr\/en\/wp-json\/wp\/v2\/tags?post=4116"}],"curies":[{"name":"wp","href":"https:\/\/api.w.org\/{rel}","templated":true}]}}