{"id":4113,"date":"2021-07-26T08:37:00","date_gmt":"2021-07-26T06:37:00","guid":{"rendered":"https:\/\/kastela.hr\/en\/2021\/07\/26\/izbor-djela-iz-fundusa-galerije-emanuel-vidovic-u-muzeju-grada-kastela\/"},"modified":"2024-08-29T10:47:53","modified_gmt":"2024-08-29T08:47:53","slug":"izbor-djela-iz-fundusa-galerije-emanuel-vidovic-u-muzeju-grada-kastela","status":"publish","type":"post","link":"https:\/\/kastela.hr\/en\/2021\/07\/26\/izbor-djela-iz-fundusa-galerije-emanuel-vidovic-u-muzeju-grada-kastela\/","title":{"rendered":"Izbor djela iz fundusa Galerije Emanuel Vidovi\u0107 u Muzeju grada Ka\u0161tela"},"content":{"rendered":"<p>U utorak, 27. srpnja 2021. godine u Muzeju Grada Ka\u0161tela u 20 i 30 sati bit \u0107e predstavljena izlo\u017eba slika &bdquo;Emanuel Vidovi\u0107 &ndash; Izbor djela iz fundusa Galerije Emanuel Vidovi\u0107&ldquo;u organizaciji Muzeja grada Ka\u0161tela i Muzeja grada Splita.&nbsp;&nbsp;Autorica izlo\u017ebe je &nbsp;Nela \u017di\u017ei\u0107 muzejska savjetnica, a kustosica izlo\u017ebe je Mirela Vujevi\u0107 Duvnjak, muzejska savjetnica.&nbsp;<\/p>\n<p>&nbsp;Izlo\u017eba prikazuje presjek stvarala\u0161tva&nbsp; splitskog slikara venecijanskoga formativnog iskustva&nbsp; Emanuela Vidovi\u0107a po kustoskoj koncepciji Nele \u017di\u017ei\u0107. Gostovala je&nbsp; u Vara\u017edinu, Sisku, Samoboru, Mostaru i Klanjcu.&nbsp;<\/p>\n<p>Emanuel Vidovi\u0107&nbsp; bio je sredi\u0161nja li\u010dnost kulturnog \u017eivota u Splitu na po\u010detku 20. stolje\u0107a i nositelj modernih umjetni\u010dkih&nbsp; tendencija.&nbsp; Ovo je njegovo prvo&nbsp; gostovanje u Muzeju grada Ka\u0161tela,&nbsp; a realizirano je sredstvima Ministarstva kulture i Grada Ka\u0161tela.&nbsp; Ka\u0161telanska publika vidjet \u0107e 29 Vidovi\u0107evih slika nastalih u razdoblju, izme\u0111u 1897. i 1953. godine. Slike su to nastale&nbsp; u tehnici ulja na platnu, drvu ili papiru, akvarela, pastela i u kombiniranoj tehnici&nbsp; ulja i gva\u0161a. Izlo\u017eena su djela razli\u010ditih motiva koje je&nbsp; on duboko do\u017eivljavaju\u0107i otkrivao i crpio iz atmosfera i ugo\u0111aja&nbsp;&nbsp; krajolika i interijera, po \u010demu je&nbsp; najprepoznatljiviji.&nbsp;&nbsp; Izlo\u017eba obuhva\u0107a&nbsp; rane slike venecijanske lagune, Chioggie; vedute i motive&nbsp; Splita, Vranjica, Solina, Trogira, \u010ciova; slikovite interijere&nbsp; splitskih i trogirskih crkava, splitske katedrale;&nbsp; vlastite intimne interijere, poput&nbsp; ateljea, blagovaonice ili sobe; mrtve prirode. &hellip;<\/p>\n<p>Izlo\u017ebu prati katalog opsega 24 stranice.<\/p>\n<p>Pri posjetu Muzeju obavezno je pridr\u017eavanje epidemiolo\u0161kih mjera koje je propisao HZJZ i odluka koje je donio Sto\u017eer civilne za\u0161tite RH.<\/p>\n<p>&nbsp;<\/p>\n","protected":false},"excerpt":{"rendered":"<p>U utorak, 27. srpnja 2021. godine u Muzeju Grada Ka\u0161tela u 20 i 30 sati bit \u0107e predstavljena izlo\u017eba slika [&hellip;]<\/p>\n","protected":false},"author":7,"featured_media":4114,"comment_status":"closed","ping_status":"open","sticky":false,"template":"","format":"standard","meta":{"_acf_changed":false,"footnotes":""},"categories":[1],"tags":[],"class_list":["post-4113","post","type-post","status-publish","format-standard","has-post-thumbnail","hentry","category-novosti"],"acf":[],"_links":{"self":[{"href":"https:\/\/kastela.hr\/en\/wp-json\/wp\/v2\/posts\/4113","targetHints":{"allow":["GET"]}}],"collection":[{"href":"https:\/\/kastela.hr\/en\/wp-json\/wp\/v2\/posts"}],"about":[{"href":"https:\/\/kastela.hr\/en\/wp-json\/wp\/v2\/types\/post"}],"author":[{"embeddable":true,"href":"https:\/\/kastela.hr\/en\/wp-json\/wp\/v2\/users\/7"}],"replies":[{"embeddable":true,"href":"https:\/\/kastela.hr\/en\/wp-json\/wp\/v2\/comments?post=4113"}],"version-history":[{"count":1,"href":"https:\/\/kastela.hr\/en\/wp-json\/wp\/v2\/posts\/4113\/revisions"}],"predecessor-version":[{"id":6822,"href":"https:\/\/kastela.hr\/en\/wp-json\/wp\/v2\/posts\/4113\/revisions\/6822"}],"wp:featuredmedia":[{"embeddable":true,"href":"https:\/\/kastela.hr\/en\/wp-json\/wp\/v2\/media\/4114"}],"wp:attachment":[{"href":"https:\/\/kastela.hr\/en\/wp-json\/wp\/v2\/media?parent=4113"}],"wp:term":[{"taxonomy":"category","embeddable":true,"href":"https:\/\/kastela.hr\/en\/wp-json\/wp\/v2\/categories?post=4113"},{"taxonomy":"post_tag","embeddable":true,"href":"https:\/\/kastela.hr\/en\/wp-json\/wp\/v2\/tags?post=4113"}],"curies":[{"name":"wp","href":"https:\/\/api.w.org\/{rel}","templated":true}]}}