{"id":4110,"date":"2021-07-28T03:49:00","date_gmt":"2021-07-28T01:49:00","guid":{"rendered":"https:\/\/kastela.hr\/en\/2021\/07\/28\/kastela-ponovno-u-samom-vrhu-po-stopi-prirodnog-prirasta-stanovnistva\/"},"modified":"2024-08-29T10:47:53","modified_gmt":"2024-08-29T08:47:53","slug":"kastela-ponovno-u-samom-vrhu-po-stopi-prirodnog-prirasta-stanovnistva","status":"publish","type":"post","link":"https:\/\/kastela.hr\/en\/2021\/07\/28\/kastela-ponovno-u-samom-vrhu-po-stopi-prirodnog-prirasta-stanovnistva\/","title":{"rendered":"Ka\u0161tela ponovno u samom vrhu po stopi prirodnog prirasta stanovni\u0161tva"},"content":{"rendered":"<p>Ka\u0161tela su i ovoga puta u samom vrhu gradova u Republici Hrvatskoj koji bilje\u017ee prirodni prirast stanovni\u0161tva. Odmah iza Solina, Metkovi\u0107a i Imotskog, Ka\u0161tela bilje\u017ee rast broja novoro\u0111ene djece u odnosu na broj preminulih u 2020. godini &ndash; pokazuju to najnoviji podaci Dr\u017eavnog zavoda za statistiku.<\/p>\n<p>Posljednjih nekoliko godina Ka\u0161tela se nalaze na samom vrhu gradova s najve\u0107im prirodnim prirastom, a osim toga, podaci Dr\u017eavnog zavoda za statistiku pokazuju da grad pod Kozjakom bilje\u017ei iznimno visoke brojke doseljenih stanovnika \u0161to ga smje\u0161ta na sam vrh najpo\u017eeljnijih gradova za \u017eivot.<\/p>\n<p>Po izdvajanju za demografiju i obrazovanje Grad Ka\u0161tela se tako\u0111er nalazi u samom vrhu gradova u Republici Hrvatskoj. Kontinuirano se ula\u017ee u gradnju i opremanje dje\u010djih igrali\u0161ta \u0161to uklju\u010duje i novoizgra\u0111ena igrali\u0161ta povi\u0161e magistrale. Pove\u0107ane su jednokratne naknade za novoro\u0111enu djecu, a jedna od novijih pronatalitetnih mjera je i naknada u iznosu od 500 kuna za majke koje ostaju kod ku\u0107e do 3. godine djetetova \u017eivota. Status posvojitelja izjedna\u010den je sa statusom roditelja. Najboljim u\u010denicima i studentima Grad svake godine dodjeljuje 120 stipendija, sufinancira javni prijevoz, kupnju radnih bilje\u017enica, putne tro\u0161kove za Erasmus kao i produ\u017eeni boravak.<\/p>\n<p>&#8211; Sve ovo dokazuje da smo na dobrom putu jer su djeca, mladi i obitelji na\u0161a budu\u0107nost, a Grad Ka\u0161tela \u0107e i ubudu\u0107e novim demografskim mjerama poticati razvoj djece i obitelji &ndash; isti\u010de gradona\u010delnik Denis Ivanovi\u0107.<\/p>\n<p>Posjetimo, Dr\u017eavni zavod za statistiku objavio je podatke o prirodnom prirastu i broju ro\u0111enih beba u pro\u0161loj godini koji, na \u017ealost, potvr\u0111uju da je Republika Hrvatska i dalje u debelom minusu i slijedi negativne demografske trendove. Pozitivan prirodni prirast &ndash; vi\u0161e ro\u0111enih nego umrlih, pro\u0161le je godine tako zabilje\u017eilo tek sedam hrvatskih gradova, tri manje nego \u0161to ih u plusu bilo u prethodne \u010detiri godine, a u \u010dak 28 gradova negativna brojka je troznamenkasta.<\/p>\n","protected":false},"excerpt":{"rendered":"<p>Ka\u0161tela su i ovoga puta u samom vrhu gradova u Republici Hrvatskoj koji bilje\u017ee prirodni prirast stanovni\u0161tva. Odmah iza Solina, [&hellip;]<\/p>\n","protected":false},"author":7,"featured_media":4111,"comment_status":"closed","ping_status":"open","sticky":false,"template":"","format":"standard","meta":{"_acf_changed":false,"footnotes":""},"categories":[1],"tags":[],"class_list":["post-4110","post","type-post","status-publish","format-standard","has-post-thumbnail","hentry","category-novosti"],"acf":[],"_links":{"self":[{"href":"https:\/\/kastela.hr\/en\/wp-json\/wp\/v2\/posts\/4110","targetHints":{"allow":["GET"]}}],"collection":[{"href":"https:\/\/kastela.hr\/en\/wp-json\/wp\/v2\/posts"}],"about":[{"href":"https:\/\/kastela.hr\/en\/wp-json\/wp\/v2\/types\/post"}],"author":[{"embeddable":true,"href":"https:\/\/kastela.hr\/en\/wp-json\/wp\/v2\/users\/7"}],"replies":[{"embeddable":true,"href":"https:\/\/kastela.hr\/en\/wp-json\/wp\/v2\/comments?post=4110"}],"version-history":[{"count":1,"href":"https:\/\/kastela.hr\/en\/wp-json\/wp\/v2\/posts\/4110\/revisions"}],"predecessor-version":[{"id":6821,"href":"https:\/\/kastela.hr\/en\/wp-json\/wp\/v2\/posts\/4110\/revisions\/6821"}],"wp:featuredmedia":[{"embeddable":true,"href":"https:\/\/kastela.hr\/en\/wp-json\/wp\/v2\/media\/4111"}],"wp:attachment":[{"href":"https:\/\/kastela.hr\/en\/wp-json\/wp\/v2\/media?parent=4110"}],"wp:term":[{"taxonomy":"category","embeddable":true,"href":"https:\/\/kastela.hr\/en\/wp-json\/wp\/v2\/categories?post=4110"},{"taxonomy":"post_tag","embeddable":true,"href":"https:\/\/kastela.hr\/en\/wp-json\/wp\/v2\/tags?post=4110"}],"curies":[{"name":"wp","href":"https:\/\/api.w.org\/{rel}","templated":true}]}}