{"id":4107,"date":"2021-07-28T08:18:00","date_gmt":"2021-07-28T06:18:00","guid":{"rendered":"https:\/\/kastela.hr\/en\/2021\/07\/28\/vecer-klasicne-glazbe-i-koncerti-kastelanskih-kud-ova\/"},"modified":"2024-08-29T10:47:53","modified_gmt":"2024-08-29T08:47:53","slug":"vecer-klasicne-glazbe-i-koncerti-kastelanskih-kud-ova","status":"publish","type":"post","link":"https:\/\/kastela.hr\/en\/2021\/07\/28\/vecer-klasicne-glazbe-i-koncerti-kastelanskih-kud-ova\/","title":{"rendered":"Ve\u010der klasi\u010dne glazbe i koncerti ka\u0161telanskih KUD-ova"},"content":{"rendered":"<p>U okviru programa Ka\u0161telanskog kulturnog ljeta 2021. ovoga tjedna posjetitelji \u0107e mo\u0107i u\u017eivati u klasi\u010dnoj glazbi i koncertima ka\u0161telanskih KUD-ova.<\/p>\n<p><strong>U \u010detvrtak, 29. srpnja u 21 sat<\/strong> u dvorcu Ru\u0161inac u Ka\u0161tel Luk\u0161i\u0107u odr\u017eat \u0107e se glazbena ve\u010der s duom Diviant. Naime, nastupiti \u0107e Ivana Bandalo na klarinetu i Antonija \u0160korput na gitari.<\/p>\n<p><strong>U petak, 30. srpnja u 21 sat<\/strong> na Brcu u Ka\u0161tel Kambelovcu svoj cjelove\u010dernji koncert pod nazivom &#39;Ispod balature&#39; odr\u017eat \u0107e kulturno umjetni\u010dko dru\u0161tvo Ante Zaninovi\u0107. Uz sudjelovanje svih generacija, odnosno grupa plesa\u010da, od onih najmla\u0111ih do veterana, kambelovski folklora\u0161i publici \u0107e predstaviti&nbsp;ono \u0161to su pripremili za ovogodi\u0161nji koncert.<\/p>\n<p><strong>U subotu, 31. srpnja u 21 sat<\/strong> u Podvorju u Ka\u0161tel Su\u0107urcu cjelove\u010dernji koncertni program pod nazivom &#39;Mise\u010dina prosula se kalon&#39; odr\u017eat \u0107e kulturno umjetni\u010dko dru\u0161tvo Putalj zajedno sa svojim gostima te na taj na\u010din i ove godine svome gradu pokloniti pravo bogatstvo na\u0161e kulturne ba\u0161tine<\/p>\n<p>&nbsp;<\/p>\n","protected":false},"excerpt":{"rendered":"<p>U okviru programa Ka\u0161telanskog kulturnog ljeta 2021. ovoga tjedna posjetitelji \u0107e mo\u0107i u\u017eivati u klasi\u010dnoj glazbi i koncertima ka\u0161telanskih KUD-ova. [&hellip;]<\/p>\n","protected":false},"author":7,"featured_media":4108,"comment_status":"closed","ping_status":"open","sticky":false,"template":"","format":"standard","meta":{"_acf_changed":false,"footnotes":""},"categories":[1],"tags":[],"class_list":["post-4107","post","type-post","status-publish","format-standard","has-post-thumbnail","hentry","category-novosti"],"acf":[],"_links":{"self":[{"href":"https:\/\/kastela.hr\/en\/wp-json\/wp\/v2\/posts\/4107","targetHints":{"allow":["GET"]}}],"collection":[{"href":"https:\/\/kastela.hr\/en\/wp-json\/wp\/v2\/posts"}],"about":[{"href":"https:\/\/kastela.hr\/en\/wp-json\/wp\/v2\/types\/post"}],"author":[{"embeddable":true,"href":"https:\/\/kastela.hr\/en\/wp-json\/wp\/v2\/users\/7"}],"replies":[{"embeddable":true,"href":"https:\/\/kastela.hr\/en\/wp-json\/wp\/v2\/comments?post=4107"}],"version-history":[{"count":1,"href":"https:\/\/kastela.hr\/en\/wp-json\/wp\/v2\/posts\/4107\/revisions"}],"predecessor-version":[{"id":6820,"href":"https:\/\/kastela.hr\/en\/wp-json\/wp\/v2\/posts\/4107\/revisions\/6820"}],"wp:featuredmedia":[{"embeddable":true,"href":"https:\/\/kastela.hr\/en\/wp-json\/wp\/v2\/media\/4108"}],"wp:attachment":[{"href":"https:\/\/kastela.hr\/en\/wp-json\/wp\/v2\/media?parent=4107"}],"wp:term":[{"taxonomy":"category","embeddable":true,"href":"https:\/\/kastela.hr\/en\/wp-json\/wp\/v2\/categories?post=4107"},{"taxonomy":"post_tag","embeddable":true,"href":"https:\/\/kastela.hr\/en\/wp-json\/wp\/v2\/tags?post=4107"}],"curies":[{"name":"wp","href":"https:\/\/api.w.org\/{rel}","templated":true}]}}