{"id":4098,"date":"2021-08-03T04:26:00","date_gmt":"2021-08-03T02:26:00","guid":{"rendered":"https:\/\/kastela.hr\/en\/2021\/08\/03\/otkazano-proslava-dana-pobjede-domovinske-zahvalnosti-i-dana-hrvatskih-branitelja-uz-koncert-giuliana\/"},"modified":"2024-08-29T10:47:53","modified_gmt":"2024-08-29T08:47:53","slug":"otkazano-proslava-dana-pobjede-domovinske-zahvalnosti-i-dana-hrvatskih-branitelja-uz-koncert-giuliana","status":"publish","type":"post","link":"https:\/\/kastela.hr\/en\/2021\/08\/03\/otkazano-proslava-dana-pobjede-domovinske-zahvalnosti-i-dana-hrvatskih-branitelja-uz-koncert-giuliana\/","title":{"rendered":"OTKAZANO &#8211; Proslava Dana pobjede, domovinske zahvalnosti i Dana hrvatskih branitelja uz koncert Giuliana"},"content":{"rendered":"<p>Koncert je otkazan<\/p>\n<p>Na portu u Ka\u0161tel Starom, ove srijede 4. kolovoza u 20 i 30 sati odr\u017eat \u0107e se proslava Dana pobjede, domovinske zahvalnosti i Dana hrvatskih branitelja uz koncert Giuliana. Organizatori manifestacije su Hvidra Ka\u0161tela i Grad Ka\u0161tela<\/p>\n<p>&nbsp;<\/p>\n","protected":false},"excerpt":{"rendered":"<p>Koncert je otkazan Na portu u Ka\u0161tel Starom, ove srijede 4. kolovoza u 20 i 30 sati odr\u017eat \u0107e se [&hellip;]<\/p>\n","protected":false},"author":7,"featured_media":4099,"comment_status":"closed","ping_status":"open","sticky":false,"template":"","format":"standard","meta":{"_acf_changed":false,"footnotes":""},"categories":[1],"tags":[],"class_list":["post-4098","post","type-post","status-publish","format-standard","has-post-thumbnail","hentry","category-novosti"],"acf":[],"_links":{"self":[{"href":"https:\/\/kastela.hr\/en\/wp-json\/wp\/v2\/posts\/4098","targetHints":{"allow":["GET"]}}],"collection":[{"href":"https:\/\/kastela.hr\/en\/wp-json\/wp\/v2\/posts"}],"about":[{"href":"https:\/\/kastela.hr\/en\/wp-json\/wp\/v2\/types\/post"}],"author":[{"embeddable":true,"href":"https:\/\/kastela.hr\/en\/wp-json\/wp\/v2\/users\/7"}],"replies":[{"embeddable":true,"href":"https:\/\/kastela.hr\/en\/wp-json\/wp\/v2\/comments?post=4098"}],"version-history":[{"count":1,"href":"https:\/\/kastela.hr\/en\/wp-json\/wp\/v2\/posts\/4098\/revisions"}],"predecessor-version":[{"id":6816,"href":"https:\/\/kastela.hr\/en\/wp-json\/wp\/v2\/posts\/4098\/revisions\/6816"}],"wp:featuredmedia":[{"embeddable":true,"href":"https:\/\/kastela.hr\/en\/wp-json\/wp\/v2\/media\/4099"}],"wp:attachment":[{"href":"https:\/\/kastela.hr\/en\/wp-json\/wp\/v2\/media?parent=4098"}],"wp:term":[{"taxonomy":"category","embeddable":true,"href":"https:\/\/kastela.hr\/en\/wp-json\/wp\/v2\/categories?post=4098"},{"taxonomy":"post_tag","embeddable":true,"href":"https:\/\/kastela.hr\/en\/wp-json\/wp\/v2\/tags?post=4098"}],"curies":[{"name":"wp","href":"https:\/\/api.w.org\/{rel}","templated":true}]}}