{"id":4095,"date":"2021-08-03T04:34:00","date_gmt":"2021-08-03T02:34:00","guid":{"rendered":"https:\/\/kastela.hr\/en\/2021\/08\/03\/kastelanske-rock-veceri-u-subotu\/"},"modified":"2024-08-29T10:47:53","modified_gmt":"2024-08-29T08:47:53","slug":"kastelanske-rock-veceri-u-subotu","status":"publish","type":"post","link":"https:\/\/kastela.hr\/en\/2021\/08\/03\/kastelanske-rock-veceri-u-subotu\/","title":{"rendered":"Ka\u0161telanske rock ve\u010deri u subotu"},"content":{"rendered":"<p>U okviru programa Ka\u0161telanskog kulturnog ljeta, a u organizaciji Udruge Trokut mladih, u Novom parku u Ka\u0161tel Luk\u0161i\u0107u ove subote 7.&nbsp;kolovoza u 21 sat zapo\u010dinju Ka\u0161telanske rock ve\u010deri za kada je predvi\u0111ena&nbsp;elektri\u010dna ve\u010der. Akusti\u010dna ve\u010der koja je trebala biti odr\u017eana u petak, ne\u0107e se odr\u017eati.&nbsp;<\/p>\n<p>&nbsp;<\/p>\n<p>&nbsp;<\/p>\n","protected":false},"excerpt":{"rendered":"<p>U okviru programa Ka\u0161telanskog kulturnog ljeta, a u organizaciji Udruge Trokut mladih, u Novom parku u Ka\u0161tel Luk\u0161i\u0107u ove subote [&hellip;]<\/p>\n","protected":false},"author":7,"featured_media":4096,"comment_status":"closed","ping_status":"open","sticky":false,"template":"","format":"standard","meta":{"_acf_changed":false,"footnotes":""},"categories":[1],"tags":[],"class_list":["post-4095","post","type-post","status-publish","format-standard","has-post-thumbnail","hentry","category-novosti"],"acf":[],"_links":{"self":[{"href":"https:\/\/kastela.hr\/en\/wp-json\/wp\/v2\/posts\/4095","targetHints":{"allow":["GET"]}}],"collection":[{"href":"https:\/\/kastela.hr\/en\/wp-json\/wp\/v2\/posts"}],"about":[{"href":"https:\/\/kastela.hr\/en\/wp-json\/wp\/v2\/types\/post"}],"author":[{"embeddable":true,"href":"https:\/\/kastela.hr\/en\/wp-json\/wp\/v2\/users\/7"}],"replies":[{"embeddable":true,"href":"https:\/\/kastela.hr\/en\/wp-json\/wp\/v2\/comments?post=4095"}],"version-history":[{"count":1,"href":"https:\/\/kastela.hr\/en\/wp-json\/wp\/v2\/posts\/4095\/revisions"}],"predecessor-version":[{"id":6815,"href":"https:\/\/kastela.hr\/en\/wp-json\/wp\/v2\/posts\/4095\/revisions\/6815"}],"wp:featuredmedia":[{"embeddable":true,"href":"https:\/\/kastela.hr\/en\/wp-json\/wp\/v2\/media\/4096"}],"wp:attachment":[{"href":"https:\/\/kastela.hr\/en\/wp-json\/wp\/v2\/media?parent=4095"}],"wp:term":[{"taxonomy":"category","embeddable":true,"href":"https:\/\/kastela.hr\/en\/wp-json\/wp\/v2\/categories?post=4095"},{"taxonomy":"post_tag","embeddable":true,"href":"https:\/\/kastela.hr\/en\/wp-json\/wp\/v2\/tags?post=4095"}],"curies":[{"name":"wp","href":"https:\/\/api.w.org\/{rel}","templated":true}]}}