{"id":3869,"date":"2021-08-11T05:45:00","date_gmt":"2021-08-11T03:45:00","guid":{"rendered":"https:\/\/kastela.hr\/en\/2021\/08\/11\/koncert-arije-pod-zvijezdama-prebacen-za-19-kolovoza-2\/"},"modified":"2024-08-29T10:47:53","modified_gmt":"2024-08-29T08:47:53","slug":"koncert-arije-pod-zvijezdama-prebacen-za-19-kolovoza-2","status":"publish","type":"post","link":"https:\/\/kastela.hr\/en\/2021\/08\/11\/koncert-arije-pod-zvijezdama-prebacen-za-19-kolovoza-2\/","title":{"rendered":"Koncert  &#8216;Arije pod zvijezdama&#8217; preba\u010den za 19. kolovoza"},"content":{"rendered":"<p>Koncert &#39;Arije pod zvijezdama&#39; koji je trebao biti odr\u017ean u \u010detvrtak, 12. kolovoza, preba\u010den je za idu\u0107i \u010detvrtak 19. kolovoza u 21 sat na Igri\u0161\u0107e u Ka\u0161tel \u0160tafili\u0107u. Rije\u010d je o koncertu vrhunskih djela klasi\u010dne glazbe u izvedbi sopranistice Antonije Teskera, Ane Zebi\u0107 Kostel i prijatelja. Organizator koncerta je Turisti\u010dka zajednica grada Ka\u0161tela.<\/p>\n","protected":false},"excerpt":{"rendered":"<p>Koncert &#39;Arije pod zvijezdama&#39; koji je trebao biti odr\u017ean u \u010detvrtak, 12. kolovoza, preba\u010den je za idu\u0107i \u010detvrtak 19. kolovoza [&hellip;]<\/p>\n","protected":false},"author":7,"featured_media":3870,"comment_status":"closed","ping_status":"open","sticky":false,"template":"","format":"standard","meta":{"_acf_changed":false,"footnotes":""},"categories":[1],"tags":[],"class_list":["post-3869","post","type-post","status-publish","format-standard","has-post-thumbnail","hentry","category-novosti"],"acf":[],"_links":{"self":[{"href":"https:\/\/kastela.hr\/en\/wp-json\/wp\/v2\/posts\/3869","targetHints":{"allow":["GET"]}}],"collection":[{"href":"https:\/\/kastela.hr\/en\/wp-json\/wp\/v2\/posts"}],"about":[{"href":"https:\/\/kastela.hr\/en\/wp-json\/wp\/v2\/types\/post"}],"author":[{"embeddable":true,"href":"https:\/\/kastela.hr\/en\/wp-json\/wp\/v2\/users\/7"}],"replies":[{"embeddable":true,"href":"https:\/\/kastela.hr\/en\/wp-json\/wp\/v2\/comments?post=3869"}],"version-history":[{"count":1,"href":"https:\/\/kastela.hr\/en\/wp-json\/wp\/v2\/posts\/3869\/revisions"}],"predecessor-version":[{"id":6811,"href":"https:\/\/kastela.hr\/en\/wp-json\/wp\/v2\/posts\/3869\/revisions\/6811"}],"wp:featuredmedia":[{"embeddable":true,"href":"https:\/\/kastela.hr\/en\/wp-json\/wp\/v2\/media\/3870"}],"wp:attachment":[{"href":"https:\/\/kastela.hr\/en\/wp-json\/wp\/v2\/media?parent=3869"}],"wp:term":[{"taxonomy":"category","embeddable":true,"href":"https:\/\/kastela.hr\/en\/wp-json\/wp\/v2\/categories?post=3869"},{"taxonomy":"post_tag","embeddable":true,"href":"https:\/\/kastela.hr\/en\/wp-json\/wp\/v2\/tags?post=3869"}],"curies":[{"name":"wp","href":"https:\/\/api.w.org\/{rel}","templated":true}]}}