{"id":3866,"date":"2021-08-09T05:00:00","date_gmt":"2021-08-09T03:00:00","guid":{"rendered":"https:\/\/kastela.hr\/en\/2021\/08\/09\/predstava-za-djecu-zelena-prica-koncert-sakralne-glazbe-i-predstava-boom-teatra\/"},"modified":"2024-08-29T10:47:53","modified_gmt":"2024-08-29T08:47:53","slug":"predstava-za-djecu-zelena-prica-koncert-sakralne-glazbe-i-predstava-boom-teatra","status":"publish","type":"post","link":"https:\/\/kastela.hr\/en\/2021\/08\/09\/predstava-za-djecu-zelena-prica-koncert-sakralne-glazbe-i-predstava-boom-teatra\/","title":{"rendered":"Predstava za djecu &#8216;Zelena pri\u010da&#8217;, koncert sakralne glazbe i predstava Boom Teatra"},"content":{"rendered":"<p>U utorak, 10. kolovoza u 20 sati u \u0161kolskom botani\u010dkom vrtu Osnovne \u0161kole Ostrog u Ka\u0161tel Luk\u0161i\u0107u odr\u017eat \u0107e se lutkarski mjuzikli za djecu u izvedbi Studio Suncokreta, a radi se o predstavi za djecu pod nazivom &#39;Zelena pri\u010da&#39;.<\/p>\n<p>U srijedu, 11. kolovoza u <b>20 sati<\/b> u \u017eupnoj crkvi svetog Ivana Krstitelja u Ka\u0161tel Starom odr\u017eat \u0107e se koncert sakralne glazbe &#39;Od zore pa do no\u0107i uz Gospodina&#39;<\/p>\n<p>U petak, 13. kolovoza u 21 sat u dvorcu Ru\u0161inac u Ka\u0161tel Luk\u0161i\u0107u odr\u017eat \u0107e se kazali\u0161na predstava &#39;Igra uma&#39; u izvedbi Umjetni\u010dke organizacije Boom Teatar!<\/p>\n<p>&nbsp;<\/p>\n<p>&nbsp;<\/p>\n","protected":false},"excerpt":{"rendered":"<p>U utorak, 10. kolovoza u 20 sati u \u0161kolskom botani\u010dkom vrtu Osnovne \u0161kole Ostrog u Ka\u0161tel Luk\u0161i\u0107u odr\u017eat \u0107e se [&hellip;]<\/p>\n","protected":false},"author":7,"featured_media":3867,"comment_status":"closed","ping_status":"open","sticky":false,"template":"","format":"standard","meta":{"_acf_changed":false,"footnotes":""},"categories":[1],"tags":[],"class_list":["post-3866","post","type-post","status-publish","format-standard","has-post-thumbnail","hentry","category-novosti"],"acf":[],"_links":{"self":[{"href":"https:\/\/kastela.hr\/en\/wp-json\/wp\/v2\/posts\/3866","targetHints":{"allow":["GET"]}}],"collection":[{"href":"https:\/\/kastela.hr\/en\/wp-json\/wp\/v2\/posts"}],"about":[{"href":"https:\/\/kastela.hr\/en\/wp-json\/wp\/v2\/types\/post"}],"author":[{"embeddable":true,"href":"https:\/\/kastela.hr\/en\/wp-json\/wp\/v2\/users\/7"}],"replies":[{"embeddable":true,"href":"https:\/\/kastela.hr\/en\/wp-json\/wp\/v2\/comments?post=3866"}],"version-history":[{"count":1,"href":"https:\/\/kastela.hr\/en\/wp-json\/wp\/v2\/posts\/3866\/revisions"}],"predecessor-version":[{"id":6813,"href":"https:\/\/kastela.hr\/en\/wp-json\/wp\/v2\/posts\/3866\/revisions\/6813"}],"wp:featuredmedia":[{"embeddable":true,"href":"https:\/\/kastela.hr\/en\/wp-json\/wp\/v2\/media\/3867"}],"wp:attachment":[{"href":"https:\/\/kastela.hr\/en\/wp-json\/wp\/v2\/media?parent=3866"}],"wp:term":[{"taxonomy":"category","embeddable":true,"href":"https:\/\/kastela.hr\/en\/wp-json\/wp\/v2\/categories?post=3866"},{"taxonomy":"post_tag","embeddable":true,"href":"https:\/\/kastela.hr\/en\/wp-json\/wp\/v2\/tags?post=3866"}],"curies":[{"name":"wp","href":"https:\/\/api.w.org\/{rel}","templated":true}]}}