{"id":3860,"date":"2021-08-11T05:36:00","date_gmt":"2021-08-11T03:36:00","guid":{"rendered":"https:\/\/kastela.hr\/en\/2021\/08\/11\/obavijest-o-oneciscenju-mora-za-kupanje-u-kastel-starom-i-kastel-luksicu\/"},"modified":"2024-08-29T10:47:53","modified_gmt":"2024-08-29T08:47:53","slug":"obavijest-o-oneciscenju-mora-za-kupanje-u-kastel-starom-i-kastel-luksicu","status":"publish","type":"post","link":"https:\/\/kastela.hr\/en\/2021\/08\/11\/obavijest-o-oneciscenju-mora-za-kupanje-u-kastel-starom-i-kastel-luksicu\/","title":{"rendered":"Obavijest o one\u010di\u0161\u0107enju mora za kupanje u Ka\u0161tel Starom i Ka\u0161tel Luk\u0161i\u0107u"},"content":{"rendered":"<p>Dana 9. kolovoza 2021., tijekom ispitivanja kakvo\u0107e mora za kupanje na podru\u010dju Grada Ka\u0161tela uzorkovano je more za kupanje, a mikrobiolo\u0161kom analizom utvr\u0111eno je prekora\u010denje grani\u010dnih vrijednosti propisanih Uredbom o kakvo\u0107i mora za kupanje (NN 73\/08) za mikrobiolo\u0161ki pokazatelj <em>Escerichia coli <\/em>na slijede\u0107im lokacijama:<\/p>\n<p>&#8211; \u0110ardin, Ka\u0161tel Stari<\/p>\n<p>&#8211; Puntica (Po\u0161tanski), Ka\u0161tel Luk\u0161i\u0107.<\/p>\n<p>Podaci o one\u010di\u0161\u0107enju su uneseni u bazu podataka o kakvo\u0107i mora i dostupni su putem aplikacije za unos, obradu i valorizaciju podataka te izvje\u0161\u0107ivanje i informiranje javnosti <a href=\"https:\/\/vrtlac.izor.hr\/ords\/kakvoca\/kakvoca_detalji10\">https:\/\/vrtlac.izor.hr\/ords\/kakvoca\/kakvoca_detalji10<\/a> .<\/p>\n<p>Nastavni zavod za javno zdravstvo Splitsko &ndash; dalmatinske \u017eupanije \u0107e do prestanka kratkotrajnog one\u010di\u0161\u0107enja svakodnevno obavljati dodatna uzorkovanja na navedenim lokacijama. O pojavi one\u010di\u0161\u0107enja izvje\u0161teni su Grad Ka\u0161tela i Inspekcija za\u0161tite okoli\u0161a.<\/p>\n<p>Navedena obavijest daje se sukladno \u010dlanku 26. predmetne Uredbe, kojim je Upravni odjel za za\u0161titu okoli\u0161a, komunalne poslove, infrastrukturu i investicije Splitsko &ndash; dalmatinske \u017eupanije du\u017ean upozoriti javnost o pojavi i o\u010dekivanom trajanju one\u010di\u0161\u0107enja mora za kupanje.<\/p>\n<p>Na svim ostalim ka\u0161telanskim pla\u017eama more je pogodno za kupanje.&nbsp;<\/p>\n","protected":false},"excerpt":{"rendered":"<p>Dana 9. kolovoza 2021., tijekom ispitivanja kakvo\u0107e mora za kupanje na podru\u010dju Grada Ka\u0161tela uzorkovano je more za kupanje, a [&hellip;]<\/p>\n","protected":false},"author":7,"featured_media":3861,"comment_status":"closed","ping_status":"open","sticky":false,"template":"","format":"standard","meta":{"_acf_changed":false,"footnotes":""},"categories":[1],"tags":[],"class_list":["post-3860","post","type-post","status-publish","format-standard","has-post-thumbnail","hentry","category-novosti"],"acf":[],"_links":{"self":[{"href":"https:\/\/kastela.hr\/en\/wp-json\/wp\/v2\/posts\/3860","targetHints":{"allow":["GET"]}}],"collection":[{"href":"https:\/\/kastela.hr\/en\/wp-json\/wp\/v2\/posts"}],"about":[{"href":"https:\/\/kastela.hr\/en\/wp-json\/wp\/v2\/types\/post"}],"author":[{"embeddable":true,"href":"https:\/\/kastela.hr\/en\/wp-json\/wp\/v2\/users\/7"}],"replies":[{"embeddable":true,"href":"https:\/\/kastela.hr\/en\/wp-json\/wp\/v2\/comments?post=3860"}],"version-history":[{"count":1,"href":"https:\/\/kastela.hr\/en\/wp-json\/wp\/v2\/posts\/3860\/revisions"}],"predecessor-version":[{"id":6812,"href":"https:\/\/kastela.hr\/en\/wp-json\/wp\/v2\/posts\/3860\/revisions\/6812"}],"wp:featuredmedia":[{"embeddable":true,"href":"https:\/\/kastela.hr\/en\/wp-json\/wp\/v2\/media\/3861"}],"wp:attachment":[{"href":"https:\/\/kastela.hr\/en\/wp-json\/wp\/v2\/media?parent=3860"}],"wp:term":[{"taxonomy":"category","embeddable":true,"href":"https:\/\/kastela.hr\/en\/wp-json\/wp\/v2\/categories?post=3860"},{"taxonomy":"post_tag","embeddable":true,"href":"https:\/\/kastela.hr\/en\/wp-json\/wp\/v2\/tags?post=3860"}],"curies":[{"name":"wp","href":"https:\/\/api.w.org\/{rel}","templated":true}]}}