{"id":3854,"date":"2021-08-11T09:46:00","date_gmt":"2021-08-11T07:46:00","guid":{"rendered":"https:\/\/kastela.hr\/en\/2021\/08\/11\/obavijest-o-prestanku-oneciscenja-mora-u-kastel-starom-i-kastel-luksicu\/"},"modified":"2024-08-29T10:47:53","modified_gmt":"2024-08-29T08:47:53","slug":"obavijest-o-prestanku-oneciscenja-mora-u-kastel-starom-i-kastel-luksicu","status":"publish","type":"post","link":"https:\/\/kastela.hr\/en\/2021\/08\/11\/obavijest-o-prestanku-oneciscenja-mora-u-kastel-starom-i-kastel-luksicu\/","title":{"rendered":"Obavijest o prestanku one\u010di\u0161\u0107enja mora u Ka\u0161tel Starom i Ka\u0161tel Luk\u0161i\u0107u"},"content":{"rendered":"<p>Pla\u017ea \u0110ardin u Ka\u0161tel Starom i pla\u017ea Po\u0161tanski u Ka\u0161tel Luk\u0161i\u0107u ponovno su pogodne za kupanje. Naime, nakon kratkotrajnog one\u010di\u0161\u0107enja mora na spomenutim lokacijama, pla\u017ee su ponovno sigurne za kupa\u010de, \u0161to je potvrdilo ponovljeno uzorkovanje mora.<\/p>\n<p>Prema slu\u017ebenim informacijama iz Nastavnog zavoda za javno zdravstvo, u uzorcima preuzetim 10. kolovoza 2021., kao i 11. kolovoza, broj poraslih kolonija <em>Escherichia coli<\/em> na obje lokacije ne prelazi propisane grani\u010dne vrijednosti.<\/p>\n<p>&nbsp;<\/p>\n","protected":false},"excerpt":{"rendered":"<p>Pla\u017ea \u0110ardin u Ka\u0161tel Starom i pla\u017ea Po\u0161tanski u Ka\u0161tel Luk\u0161i\u0107u ponovno su pogodne za kupanje. Naime, nakon kratkotrajnog one\u010di\u0161\u0107enja [&hellip;]<\/p>\n","protected":false},"author":7,"featured_media":3855,"comment_status":"closed","ping_status":"open","sticky":false,"template":"","format":"standard","meta":{"_acf_changed":false,"footnotes":""},"categories":[1],"tags":[],"class_list":["post-3854","post","type-post","status-publish","format-standard","has-post-thumbnail","hentry","category-novosti"],"acf":[],"_links":{"self":[{"href":"https:\/\/kastela.hr\/en\/wp-json\/wp\/v2\/posts\/3854","targetHints":{"allow":["GET"]}}],"collection":[{"href":"https:\/\/kastela.hr\/en\/wp-json\/wp\/v2\/posts"}],"about":[{"href":"https:\/\/kastela.hr\/en\/wp-json\/wp\/v2\/types\/post"}],"author":[{"embeddable":true,"href":"https:\/\/kastela.hr\/en\/wp-json\/wp\/v2\/users\/7"}],"replies":[{"embeddable":true,"href":"https:\/\/kastela.hr\/en\/wp-json\/wp\/v2\/comments?post=3854"}],"version-history":[{"count":1,"href":"https:\/\/kastela.hr\/en\/wp-json\/wp\/v2\/posts\/3854\/revisions"}],"predecessor-version":[{"id":6809,"href":"https:\/\/kastela.hr\/en\/wp-json\/wp\/v2\/posts\/3854\/revisions\/6809"}],"wp:featuredmedia":[{"embeddable":true,"href":"https:\/\/kastela.hr\/en\/wp-json\/wp\/v2\/media\/3855"}],"wp:attachment":[{"href":"https:\/\/kastela.hr\/en\/wp-json\/wp\/v2\/media?parent=3854"}],"wp:term":[{"taxonomy":"category","embeddable":true,"href":"https:\/\/kastela.hr\/en\/wp-json\/wp\/v2\/categories?post=3854"},{"taxonomy":"post_tag","embeddable":true,"href":"https:\/\/kastela.hr\/en\/wp-json\/wp\/v2\/tags?post=3854"}],"curies":[{"name":"wp","href":"https:\/\/api.w.org\/{rel}","templated":true}]}}