{"id":3851,"date":"2021-08-13T05:45:00","date_gmt":"2021-08-13T03:45:00","guid":{"rendered":"https:\/\/kastela.hr\/en\/2021\/08\/13\/koncert-hgd-biranj-nedjeljka-kovaceva-klape-podvorje-kalamos-kvinteta-i-izlozba-dinka-bekavca\/"},"modified":"2024-08-29T10:47:53","modified_gmt":"2024-08-29T08:47:53","slug":"koncert-hgd-biranj-nedjeljka-kovaceva-klape-podvorje-kalamos-kvinteta-i-izlozba-dinka-bekavca","status":"publish","type":"post","link":"https:\/\/kastela.hr\/en\/2021\/08\/13\/koncert-hgd-biranj-nedjeljka-kovaceva-klape-podvorje-kalamos-kvinteta-i-izlozba-dinka-bekavca\/","title":{"rendered":"Koncert HGD Biranj, Nedjeljka Kova\u010deva, klape Podvorje, Kalamos kvinteta i izlo\u017eba Dinka Bekavca"},"content":{"rendered":"<p>Pred nama je jo\u0161 nekoliko dana zanimljivih doga\u0111anja u okviru programa Ka\u0161telanskog kulturnog ljeta.<\/p>\n<p>U nedjelju, 15. kolovoza u 21 sat u Novom parku u Ka\u0161tel Luk\u0161i\u0107u odr\u017eat \u0107e se koncert pod nazivom &#39;U filmu Birnja&#39;, a sve\u010dani koncert odr\u017eava se povodom blagdana Velike Gospe i 125. obljetnice <strong>HGD Biranj<\/strong>.<\/p>\n<p>U ponedjeljak, 16. kolovoza u 21 sat u Novom parku u Ka\u0161tel Luk\u0161i\u0107u koncert svome mistu i gradu poklanja <strong>Nedjeljko Kova\u010dev<\/strong>, a povodom blagdana Velike Gospe i dana mjesta Ka\u0161tel Luk\u0161i\u0107a.<\/p>\n<p>U ponedjeljak, 16. kolovoza u 20 sati u Podvorju u Ka\u0161tel Su\u0107urcu svoj tradicionalni koncert odr\u017eat \u0107e <strong>klapa Podvorje<\/strong> pod nazivom &#39;Podvorje u Podvorju&#39;.<\/p>\n<p>U ponedjeljak, 16. kolovoza u 21 sat u crkvi svetog Jeronima u Ka\u0161tel Gomilici, a u okviru Glazbenih ve\u010deri kod svetog Jeronima, koncert \u0107e odr\u017eati zagreba\u010dki <strong>Kalamos kvintet<\/strong>. Rije\u010d je o prvom jedinstvenom reed kvintetu u \u0161iroj regiji, \u0161to podrazumijeva sastav drvenih puha\u010dkih glazbala koji koriste jezi\u010dak ili pisak (engl. reed). To su oboa, klarinet, saksofon, bas-klarinet i fagot uz njihove srodne varijante. Osnovan 2013. godine u Zagrebu, Kalamos kvintet je do danas odr\u017eao niz koncerata uz pozitivne odjeke me\u0111u publikom i kritikom. \u010cesto sura\u0111uje s doma\u0107im i stranim skladateljima i tako \u0161iri koncertni repertoar za ovakav tip ansambla.<\/p>\n<p>U utorak, 17. kolovoza u 20 sati u dvorcu Vitturi u Ka\u0161tel Luk\u0161i\u0107u, <strong>Dinko Bekavac<\/strong> predstavit \u0107e svoju novu zbirku poezije i otvoriti izlo\u017ebu slika.<\/p>\n<p>&nbsp;<\/p>\n<p>&nbsp;<\/p>\n<p>&nbsp;<\/p>\n<p>&nbsp;<\/p>\n","protected":false},"excerpt":{"rendered":"<p>Pred nama je jo\u0161 nekoliko dana zanimljivih doga\u0111anja u okviru programa Ka\u0161telanskog kulturnog ljeta. U nedjelju, 15. kolovoza u 21 [&hellip;]<\/p>\n","protected":false},"author":7,"featured_media":3852,"comment_status":"closed","ping_status":"open","sticky":false,"template":"","format":"standard","meta":{"_acf_changed":false,"footnotes":""},"categories":[1],"tags":[],"class_list":["post-3851","post","type-post","status-publish","format-standard","has-post-thumbnail","hentry","category-novosti"],"acf":[],"_links":{"self":[{"href":"https:\/\/kastela.hr\/en\/wp-json\/wp\/v2\/posts\/3851","targetHints":{"allow":["GET"]}}],"collection":[{"href":"https:\/\/kastela.hr\/en\/wp-json\/wp\/v2\/posts"}],"about":[{"href":"https:\/\/kastela.hr\/en\/wp-json\/wp\/v2\/types\/post"}],"author":[{"embeddable":true,"href":"https:\/\/kastela.hr\/en\/wp-json\/wp\/v2\/users\/7"}],"replies":[{"embeddable":true,"href":"https:\/\/kastela.hr\/en\/wp-json\/wp\/v2\/comments?post=3851"}],"version-history":[{"count":1,"href":"https:\/\/kastela.hr\/en\/wp-json\/wp\/v2\/posts\/3851\/revisions"}],"predecessor-version":[{"id":6808,"href":"https:\/\/kastela.hr\/en\/wp-json\/wp\/v2\/posts\/3851\/revisions\/6808"}],"wp:featuredmedia":[{"embeddable":true,"href":"https:\/\/kastela.hr\/en\/wp-json\/wp\/v2\/media\/3852"}],"wp:attachment":[{"href":"https:\/\/kastela.hr\/en\/wp-json\/wp\/v2\/media?parent=3851"}],"wp:term":[{"taxonomy":"category","embeddable":true,"href":"https:\/\/kastela.hr\/en\/wp-json\/wp\/v2\/categories?post=3851"},{"taxonomy":"post_tag","embeddable":true,"href":"https:\/\/kastela.hr\/en\/wp-json\/wp\/v2\/tags?post=3851"}],"curies":[{"name":"wp","href":"https:\/\/api.w.org\/{rel}","templated":true}]}}