{"id":3848,"date":"2021-08-13T07:51:00","date_gmt":"2021-08-13T05:51:00","guid":{"rendered":"https:\/\/kastela.hr\/en\/2021\/08\/13\/obiljezen-dan-sjecanja-na-hrvatske-branitelje-poginule-kod-bosanskog-grahova\/"},"modified":"2024-08-29T10:47:52","modified_gmt":"2024-08-29T08:47:52","slug":"obiljezen-dan-sjecanja-na-hrvatske-branitelje-poginule-kod-bosanskog-grahova","status":"publish","type":"post","link":"https:\/\/kastela.hr\/en\/2021\/08\/13\/obiljezen-dan-sjecanja-na-hrvatske-branitelje-poginule-kod-bosanskog-grahova\/","title":{"rendered":"Obilje\u017een Dan sje\u0107anja na hrvatske branitelje poginule kod Bosanskog Grahova"},"content":{"rendered":"<p>Predstavnici Grada Ka\u0161tela i pojedinih ka\u0161telanskih braniteljskih udruga upalili su svije\u0107e i polo\u017eili vijence povodom Dana sje\u0107anja na hrvatske branitelje poginule u Bosanskom Grahovu.<\/p>\n<p>Pro\u0161lo je 26 godina od 13. kolovoza 1995. godine kada se u Bosanskom Grahovu i okolici vodila te\u0161ka i odlu\u010duju\u0107a bitka za kona\u010dno slamanje srpskih snaga.<br \/>\nPri tome je, u jednom danu poginuo 21 hrvatski branitelj, jedan je nestao, a pedesetak ih je bilo ranjeno. Ve\u0107ina stradalih bili su pripadnici 141. brigade, koja je okupljala branitelje s podru\u010dja Ka\u0161tela, Splita i okolice.<\/p>\n<p>&nbsp;<\/p>\n","protected":false},"excerpt":{"rendered":"<p>Predstavnici Grada Ka\u0161tela i pojedinih ka\u0161telanskih braniteljskih udruga upalili su svije\u0107e i polo\u017eili vijence povodom Dana sje\u0107anja na hrvatske branitelje [&hellip;]<\/p>\n","protected":false},"author":7,"featured_media":3849,"comment_status":"closed","ping_status":"open","sticky":false,"template":"","format":"standard","meta":{"_acf_changed":false,"footnotes":""},"categories":[1],"tags":[],"class_list":["post-3848","post","type-post","status-publish","format-standard","has-post-thumbnail","hentry","category-novosti"],"acf":[],"_links":{"self":[{"href":"https:\/\/kastela.hr\/en\/wp-json\/wp\/v2\/posts\/3848","targetHints":{"allow":["GET"]}}],"collection":[{"href":"https:\/\/kastela.hr\/en\/wp-json\/wp\/v2\/posts"}],"about":[{"href":"https:\/\/kastela.hr\/en\/wp-json\/wp\/v2\/types\/post"}],"author":[{"embeddable":true,"href":"https:\/\/kastela.hr\/en\/wp-json\/wp\/v2\/users\/7"}],"replies":[{"embeddable":true,"href":"https:\/\/kastela.hr\/en\/wp-json\/wp\/v2\/comments?post=3848"}],"version-history":[{"count":1,"href":"https:\/\/kastela.hr\/en\/wp-json\/wp\/v2\/posts\/3848\/revisions"}],"predecessor-version":[{"id":6807,"href":"https:\/\/kastela.hr\/en\/wp-json\/wp\/v2\/posts\/3848\/revisions\/6807"}],"wp:featuredmedia":[{"embeddable":true,"href":"https:\/\/kastela.hr\/en\/wp-json\/wp\/v2\/media\/3849"}],"wp:attachment":[{"href":"https:\/\/kastela.hr\/en\/wp-json\/wp\/v2\/media?parent=3848"}],"wp:term":[{"taxonomy":"category","embeddable":true,"href":"https:\/\/kastela.hr\/en\/wp-json\/wp\/v2\/categories?post=3848"},{"taxonomy":"post_tag","embeddable":true,"href":"https:\/\/kastela.hr\/en\/wp-json\/wp\/v2\/tags?post=3848"}],"curies":[{"name":"wp","href":"https:\/\/api.w.org\/{rel}","templated":true}]}}