{"id":3845,"date":"2021-08-18T04:34:00","date_gmt":"2021-08-18T02:34:00","guid":{"rendered":"https:\/\/kastela.hr\/en\/2021\/08\/18\/judita-u-zlatovezu\/"},"modified":"2024-08-29T10:47:52","modified_gmt":"2024-08-29T08:47:52","slug":"judita-u-zlatovezu","status":"publish","type":"post","link":"https:\/\/kastela.hr\/en\/2021\/08\/18\/judita-u-zlatovezu\/","title":{"rendered":"Judita u zlatovezu"},"content":{"rendered":"<p>Judita u zlatovezu, naslov je izlo\u017ebe Mirjane Ojdeni\u0107, ka\u0161telanske umjetnice i kreatorice, koja \u0107e u organizaciji Gradske knji\u017enice Ka\u0161tela biti otvorena u srijedu 18. srpnja u 20 sati u ka\u0161telu Vitturi u Ka\u0161tel Luk\u0161i\u0107u.<\/p>\n<p>Izlo\u017ebom<em>&nbsp;Judita u zlatovezu&nbsp;<\/em>Mirjana Ojdeni\u0107 odlu\u010dila je u&nbsp;<em>Godini Marka Maruli\u0107a,<\/em>&nbsp;utkav\u0161i stihove <em>Judite<\/em> na svilene kravate, marame i torbice, dati svoj obol proslavi 500. obljetnice prvog izdanja &nbsp;&bdquo;Judite&ldquo; oca hrvatske knji\u017eevnosti Marka Maruli\u0107a koje je tiskano u Mlecima 13. kolovoza 1521. godine.<\/p>\n<p>Stihove iz <em>Judite<\/em> \u010ditat \u0107e Pere Eranovi\u0107, glumac HNK Split, \u017eenska klapa Neverin svojom \u0107e nas pjesmom vratiti u ka\u0161telansku pro\u0161lost, a u doga\u0111anju \u0107e sudjelovati i Vanja Rogo\u0161i\u0107 Ojdeni\u0107 koja \u0107e svoj do\u017eivljaj ve\u010deri zabilje\u017eiti kistom na platnu.<\/p>\n<p>Glavni pokrovitelj izlo\u017ebe je Grad Ka\u0161tela, a svoj obol ve\u010deri dat \u0107e i ka\u0161telanski vinari Jakov Bedalov, Ivan Kova\u010d &ndash; Matela, Vlado Peri\u0161in i Neven Vuina izla\u017eu\u0107i vina proizvedena od gro\u017e\u0111a sorte Ka\u0161telanski crljenak. Naime, Ka\u0161telanski crljenak je i Marko Maruli\u0107 uzgajao u svojim vinogradima.<\/p>\n<p>Mirjana Ojdeni\u0107 se vezenjem i izradom ka\u0161telanskog zlatoveza bavi ve\u0107 vi\u0161e od dvadeset godina, a njenu ljubav prema zlatovezu, ka\u0161telanskoj ba\u0161tini i ka\u0161telanskoj tradicionalnoj no\u0161nji prepoznali su mnogi, i u njenim rodnim Ka\u0161telima, i u Hrvatskoj, ali i \u0161irom svijeta.<\/p>\n<p>Izra\u0111uju\u0107i torbice od zlatoveza, kao i ru\u010dno ra\u0111ene slike, haljine, pojaseve,&nbsp;te mu\u0161ke i \u017eenske kravate ova ka\u0161telanska umjetnica trudi se sa\u010duvati ka\u0161telansku tradiciju izrade zlatoveza od zaborava.&nbsp;Motive koje koristi pri tkanju zlatoveza crpi iz bogate hrvatske kulturno-povijesne ba\u0161tine pa se tako na njenim radovima naj\u010de\u0161\u0107e mogu vidjeti zlatovezom istkani hrvatski pleter, \u0161ahovnica, obla glagoljica, cvije\u0107e te prigodni stihovi iz najpoznatijih knji\u017eevnih djela hrvatskih knji\u017eevnika.<\/p>\n<p>Otvaranje izlo\u017ebe odr\u017eat \u0107e se uz po\u0161tivanje propisanih epidemiolo\u0161kih mjera.<\/p>\n<p>&nbsp;<\/p>\n","protected":false},"excerpt":{"rendered":"<p>Judita u zlatovezu, naslov je izlo\u017ebe Mirjane Ojdeni\u0107, ka\u0161telanske umjetnice i kreatorice, koja \u0107e u organizaciji Gradske knji\u017enice Ka\u0161tela biti [&hellip;]<\/p>\n","protected":false},"author":7,"featured_media":3846,"comment_status":"closed","ping_status":"open","sticky":false,"template":"","format":"standard","meta":{"_acf_changed":false,"footnotes":""},"categories":[1],"tags":[],"class_list":["post-3845","post","type-post","status-publish","format-standard","has-post-thumbnail","hentry","category-novosti"],"acf":[],"_links":{"self":[{"href":"https:\/\/kastela.hr\/en\/wp-json\/wp\/v2\/posts\/3845","targetHints":{"allow":["GET"]}}],"collection":[{"href":"https:\/\/kastela.hr\/en\/wp-json\/wp\/v2\/posts"}],"about":[{"href":"https:\/\/kastela.hr\/en\/wp-json\/wp\/v2\/types\/post"}],"author":[{"embeddable":true,"href":"https:\/\/kastela.hr\/en\/wp-json\/wp\/v2\/users\/7"}],"replies":[{"embeddable":true,"href":"https:\/\/kastela.hr\/en\/wp-json\/wp\/v2\/comments?post=3845"}],"version-history":[{"count":1,"href":"https:\/\/kastela.hr\/en\/wp-json\/wp\/v2\/posts\/3845\/revisions"}],"predecessor-version":[{"id":6806,"href":"https:\/\/kastela.hr\/en\/wp-json\/wp\/v2\/posts\/3845\/revisions\/6806"}],"wp:featuredmedia":[{"embeddable":true,"href":"https:\/\/kastela.hr\/en\/wp-json\/wp\/v2\/media\/3846"}],"wp:attachment":[{"href":"https:\/\/kastela.hr\/en\/wp-json\/wp\/v2\/media?parent=3845"}],"wp:term":[{"taxonomy":"category","embeddable":true,"href":"https:\/\/kastela.hr\/en\/wp-json\/wp\/v2\/categories?post=3845"},{"taxonomy":"post_tag","embeddable":true,"href":"https:\/\/kastela.hr\/en\/wp-json\/wp\/v2\/tags?post=3845"}],"curies":[{"name":"wp","href":"https:\/\/api.w.org\/{rel}","templated":true}]}}