{"id":3836,"date":"2021-09-01T03:00:00","date_gmt":"2021-09-01T01:00:00","guid":{"rendered":"https:\/\/kastela.hr\/en\/2021\/09\/01\/grad-kastela-financira-nabavu-radnih-biljeznica-za-ucenike-osnovnih-skola\/"},"modified":"2024-08-29T10:47:52","modified_gmt":"2024-08-29T08:47:52","slug":"grad-kastela-financira-nabavu-radnih-biljeznica-za-ucenike-osnovnih-skola","status":"publish","type":"post","link":"https:\/\/kastela.hr\/en\/2021\/09\/01\/grad-kastela-financira-nabavu-radnih-biljeznica-za-ucenike-osnovnih-skola\/","title":{"rendered":"Grad Ka\u0161tela financira nabavu radnih bilje\u017enica za u\u010denike osnovnih \u0161kola"},"content":{"rendered":"<p>Gradsko vije\u0107e Grada Ka\u0161tela je na 2. sjednici odr\u017eanoj 21. srpnja 2021. godine donijelo Odluku o financiranju nabave radnih bilje\u017enica za obvezne i izborne predmete za u\u010denike osnovnih \u0161kola na podru\u010dju Grada Ka\u0161tela u \u0161kolskoj godini 2021.\/2022. kao financijske pomo\u0107i roditeljima<\/p>\n<p>Pod pojmom &#39;radne bilje\u017enice za obvezne i izborne predmete&#39;&nbsp;podrazumijevaju se radne bilje\u017enice kao pojedino pripadaju\u0107e dopunsko nastavno sredstvo, a koje uklju\u010duje mape za likovni odgoj, te radne kutije iz predmeta biologije, kemije, fizike i tehni\u010dke kulture i za 1. do 4. razred zbirka zadataka iz matematike ukoliko za navedeni predmet od izabranog izdava\u010da nije predvi\u0111ena radna bilje\u017enica.<\/p>\n<p>Svih pet osnovnih \u0161kola s podru\u010dja Grada Ka\u0161tela \u0107e prema dogovoru Grada Ka\u0161tela s ravnateljima osnovnih \u0161kola, svaka pojedina\u010dno i to: O\u0160 &bdquo;Bija\u0107i&ldquo;, O\u0160 &bdquo;Prof. Filip Lukas&ldquo;, O\u0160 &bdquo;Ostrog&ldquo;, O\u0160 &bdquo;Knez Trpimir&ldquo; i O\u0160 &bdquo;Knez Mislav&ldquo;, sukladno utvr\u0111enom broju u\u010denika te izboru ud\u017ebenika po razredima od 1. do 8. razreda, specificirati i provesti predmetnu javnu nabavu radnih bilje\u017enica i radnih kutija te mapa za likovni odgoj, kako je utvr\u0111eno.<\/p>\n<p>Osnovne \u0161kole \u0107e provesti postupak nabave radnih bilje\u017enica za osnovne \u0161kole. Grad Ka\u0161tela \u0107e svakoj \u0161koli zasebno i financirati tro\u0161ak koji nastane anga\u017eiranjem osobe zadu\u017eene za provedbu postupka javne nabave. Grad \u0107e sa svakom \u0161kolom regulirati obvezu preuzimanja te financiranja navedenog radnog materijala. \u0160kole \u0107e izvr\u0161iti podjelu tog radnog materijala u\u010denicima zajedno s obveznim ud\u017ebenicima i provesti distribuciju radnih bilje\u017enica u svrhu besplatnog kori\u0161tenja radnih bilje\u017enica od strane u\u010denika. Grad Ka\u0161tela \u0107e sa svakom \u0161kolom regulirati na\u010din pla\u0107anja, na na\u010din da \u0107e osnovnim \u0161kolama po dostavljenim ra\u010dunima od isporu\u010ditelja izvr\u0161iti uplate na ra\u010dun \u0161kole, a svaka pojedina \u0161kola \u0107e potom upla\u0107ena sredstva proslijediti nakladniku te Gradu naknadno dostaviti dokaz o izvr\u0161enim uplatama. Grad Ka\u0161tela je prethodno sa svakom osnovnom \u0161kolom zasebno usuglasio pripremu za navedenu nabavu.<\/p>\n<p>Sredstva su osigurana u Prora\u010dunu i to u Programu javnih potreba u socijalnoj skrbi i zdravstvenoj za\u0161titi Grada Ka\u0161tela za 2021. godinu, Aktivnost-Pomo\u0107i obiteljima i ku\u0107anstvima.<\/p>\n<p>&nbsp;<\/p>\n","protected":false},"excerpt":{"rendered":"<p>Gradsko vije\u0107e Grada Ka\u0161tela je na 2. sjednici odr\u017eanoj 21. srpnja 2021. godine donijelo Odluku o financiranju nabave radnih bilje\u017enica [&hellip;]<\/p>\n","protected":false},"author":7,"featured_media":3837,"comment_status":"closed","ping_status":"open","sticky":false,"template":"","format":"standard","meta":{"_acf_changed":false,"footnotes":""},"categories":[1],"tags":[],"class_list":["post-3836","post","type-post","status-publish","format-standard","has-post-thumbnail","hentry","category-novosti"],"acf":[],"_links":{"self":[{"href":"https:\/\/kastela.hr\/en\/wp-json\/wp\/v2\/posts\/3836","targetHints":{"allow":["GET"]}}],"collection":[{"href":"https:\/\/kastela.hr\/en\/wp-json\/wp\/v2\/posts"}],"about":[{"href":"https:\/\/kastela.hr\/en\/wp-json\/wp\/v2\/types\/post"}],"author":[{"embeddable":true,"href":"https:\/\/kastela.hr\/en\/wp-json\/wp\/v2\/users\/7"}],"replies":[{"embeddable":true,"href":"https:\/\/kastela.hr\/en\/wp-json\/wp\/v2\/comments?post=3836"}],"version-history":[{"count":1,"href":"https:\/\/kastela.hr\/en\/wp-json\/wp\/v2\/posts\/3836\/revisions"}],"predecessor-version":[{"id":6794,"href":"https:\/\/kastela.hr\/en\/wp-json\/wp\/v2\/posts\/3836\/revisions\/6794"}],"wp:featuredmedia":[{"embeddable":true,"href":"https:\/\/kastela.hr\/en\/wp-json\/wp\/v2\/media\/3837"}],"wp:attachment":[{"href":"https:\/\/kastela.hr\/en\/wp-json\/wp\/v2\/media?parent=3836"}],"wp:term":[{"taxonomy":"category","embeddable":true,"href":"https:\/\/kastela.hr\/en\/wp-json\/wp\/v2\/categories?post=3836"},{"taxonomy":"post_tag","embeddable":true,"href":"https:\/\/kastela.hr\/en\/wp-json\/wp\/v2\/tags?post=3836"}],"curies":[{"name":"wp","href":"https:\/\/api.w.org\/{rel}","templated":true}]}}