{"id":3833,"date":"2021-08-19T07:44:00","date_gmt":"2021-08-19T05:44:00","guid":{"rendered":"https:\/\/kastela.hr\/en\/2021\/08\/19\/koncert-borisa-ostrica-i-vecer-tamburice-i-mandoline\/"},"modified":"2024-08-29T10:47:52","modified_gmt":"2024-08-29T08:47:52","slug":"koncert-borisa-ostrica-i-vecer-tamburice-i-mandoline","status":"publish","type":"post","link":"https:\/\/kastela.hr\/en\/2021\/08\/19\/koncert-borisa-ostrica-i-vecer-tamburice-i-mandoline\/","title":{"rendered":"Koncert Borisa O\u0161tri\u0107a i Ve\u010der tamburice i mandoline"},"content":{"rendered":"<p>Ovoga vikenda o\u010dekuje nas jo\u0161 zanimljivih kulturnih doga\u0111anja u okviru programa Ka\u0161telanskog kulturnog ljeta 2021.<\/p>\n<p>U subotu, <strong>21. kolovoza u 21 sa<\/strong>t u Novom parku u Ka\u0161tel Luk\u0161i\u0107u odr\u017eat \u0107e se <strong>Ve\u010der taburice i mandoline<\/strong> u organizaciji KUD-a 7 Ka\u0161tela. Rije\u010d je o koncertu povodom 41. godine djelovanja KUD-a i 20. obljetnice odr\u017eavanja koncerta tamburice i mandoline.<\/p>\n<p>U nedjelju, <strong>22. kolovoza u 21 sat<\/strong> pred kulom Nehaj u Ka\u0161tel \u0160tafili\u0107u na rasporedu je <strong>koncert HGD Zrinski i Borisa O\u0161tri\u0107a <\/strong>pod nazivom &#39;Dalmacija, glazba, ti i ja&#39;.<\/p>\n<p>&nbsp;<\/p>\n<p>&nbsp;<\/p>\n<p>&nbsp;<\/p>\n","protected":false},"excerpt":{"rendered":"<p>Ovoga vikenda o\u010dekuje nas jo\u0161 zanimljivih kulturnih doga\u0111anja u okviru programa Ka\u0161telanskog kulturnog ljeta 2021. U subotu, 21. kolovoza u [&hellip;]<\/p>\n","protected":false},"author":7,"featured_media":3834,"comment_status":"closed","ping_status":"open","sticky":false,"template":"","format":"standard","meta":{"_acf_changed":false,"footnotes":""},"categories":[1],"tags":[],"class_list":["post-3833","post","type-post","status-publish","format-standard","has-post-thumbnail","hentry","category-novosti"],"acf":[],"_links":{"self":[{"href":"https:\/\/kastela.hr\/en\/wp-json\/wp\/v2\/posts\/3833","targetHints":{"allow":["GET"]}}],"collection":[{"href":"https:\/\/kastela.hr\/en\/wp-json\/wp\/v2\/posts"}],"about":[{"href":"https:\/\/kastela.hr\/en\/wp-json\/wp\/v2\/types\/post"}],"author":[{"embeddable":true,"href":"https:\/\/kastela.hr\/en\/wp-json\/wp\/v2\/users\/7"}],"replies":[{"embeddable":true,"href":"https:\/\/kastela.hr\/en\/wp-json\/wp\/v2\/comments?post=3833"}],"version-history":[{"count":1,"href":"https:\/\/kastela.hr\/en\/wp-json\/wp\/v2\/posts\/3833\/revisions"}],"predecessor-version":[{"id":6803,"href":"https:\/\/kastela.hr\/en\/wp-json\/wp\/v2\/posts\/3833\/revisions\/6803"}],"wp:featuredmedia":[{"embeddable":true,"href":"https:\/\/kastela.hr\/en\/wp-json\/wp\/v2\/media\/3834"}],"wp:attachment":[{"href":"https:\/\/kastela.hr\/en\/wp-json\/wp\/v2\/media?parent=3833"}],"wp:term":[{"taxonomy":"category","embeddable":true,"href":"https:\/\/kastela.hr\/en\/wp-json\/wp\/v2\/categories?post=3833"},{"taxonomy":"post_tag","embeddable":true,"href":"https:\/\/kastela.hr\/en\/wp-json\/wp\/v2\/tags?post=3833"}],"curies":[{"name":"wp","href":"https:\/\/api.w.org\/{rel}","templated":true}]}}