{"id":3821,"date":"2021-08-20T07:34:00","date_gmt":"2021-08-20T05:34:00","guid":{"rendered":"https:\/\/kastela.hr\/en\/2021\/08\/20\/predstavnik-hrvata-u-srbiji-tomislav-zigmanov-na-prijemu-u-gradu-kastela\/"},"modified":"2024-08-29T10:47:52","modified_gmt":"2024-08-29T08:47:52","slug":"predstavnik-hrvata-u-srbiji-tomislav-zigmanov-na-prijemu-u-gradu-kastela","status":"publish","type":"post","link":"https:\/\/kastela.hr\/en\/2021\/08\/20\/predstavnik-hrvata-u-srbiji-tomislav-zigmanov-na-prijemu-u-gradu-kastela\/","title":{"rendered":"Predstavnik Hrvata u Srbiji Tomislav \u017digmanov na prijemu u Gradu Ka\u0161tela"},"content":{"rendered":"<p>Povodom Dana Luke Boti\u0107a, kulturne manifestacije posve\u0107ene hrvatskom knji\u017eevniku, politi\u010daru i preporoditelju, koju 12. godinu organiziraju Udruga Opor-Boti\u0107i, \u0110akova\u010dki kulturni krug i Hrvatsko dru\u0161tvo knji\u017eevnika, predstavnik Hrvata u&nbsp;Srbiji&nbsp;Tomislav \u017digmanov sudjelovao je na prijemu u Gradu Ka\u0161tela. Prijemu su nazo\u010dili zamjenica gradona\u010delnika Jadranka Matok Bosan\u010di\u0107 i privremeni pro\u010delnik za dru\u0161tvene djelatnosti Jak\u0161a Sokol kao i predstavnici Udruge Opor-Boti\u0107i. Ovogodi\u0161nja tema Dana Luke Boti\u0107a nosi naslov &#39;Preporod Hrvata izvan domovine&#39; s obzirom da je Luka Boti\u0107 svoju inspiraciju \u010desto dobivao na putovanjima po Srbiji i BiH.<\/p>\n<p>Tomislav \u017digmanov, ujedno i predsjednik Demokratskog saveza Hrvata u Vojvodini, ovom prilikom je govorio o nepovoljnom polo\u017eaju Hrvata u Srbiji s obzirom da ih ima gotovo 58 tisu\u0107a i da su po redu \u010detvrta nacionalna manjina u toj zemlji. Unato\u010d tome, naglasio je kako su Hrvati uspjeli o\u010duvati svoj nacionalni identitet i svoju vezu s domovinom Hrvatskom.<\/p>\n<p>&#8211; Jedna konsolidirana demokracija, uklju\u010denost u procese odlu\u010divanja, kao i novac koji Srbi imaju na raspolaganju ukazuju na znatno povoljniji polo\u017eaj Srba u Hrvatskoj. S druge strane, Srbija je zemlja jo\u0161 uvijek nedovr\u0161ene tranzicije, a novac kojim hrvatska zajednica u Srbiji raspola\u017ee nekoliko je desetaka puta manji &ndash; kazao je \u017digmanov u nadi da \u0107e polo\u017eaj Hrvata u Srbiji u budu\u0107nosti biti bolji.<\/p>\n<p>&#8211; Upoznata sam s Va\u0161im radom i izuzetno mi je zadovoljstvo \u0161to ste do\u0161li u Ka\u0161tela zahvaljuju\u0107i suradnji s Udrugom Opor &ndash; Boti\u0107i koja godinama ula\u017ee napore da se o\u010duva lik i djelo Luke Boti\u0107a s obzirom da je u vremenu u kojem je \u017eivio bio jedan od najcjenjenijih hrvatskih knji\u017eevnika &ndash; kazala je zamjenica gradona\u010delnika Jadranka Matok Bosan\u010di\u0107.<\/p>\n<p>&nbsp;<\/p>\n<p>&nbsp;<\/p>\n","protected":false},"excerpt":{"rendered":"<p>Povodom Dana Luke Boti\u0107a, kulturne manifestacije posve\u0107ene hrvatskom knji\u017eevniku, politi\u010daru i preporoditelju, koju 12. godinu organiziraju Udruga Opor-Boti\u0107i, \u0110akova\u010dki kulturni [&hellip;]<\/p>\n","protected":false},"author":7,"featured_media":3822,"comment_status":"closed","ping_status":"open","sticky":false,"template":"","format":"standard","meta":{"_acf_changed":false,"footnotes":""},"categories":[1],"tags":[],"class_list":["post-3821","post","type-post","status-publish","format-standard","has-post-thumbnail","hentry","category-novosti"],"acf":[],"_links":{"self":[{"href":"https:\/\/kastela.hr\/en\/wp-json\/wp\/v2\/posts\/3821","targetHints":{"allow":["GET"]}}],"collection":[{"href":"https:\/\/kastela.hr\/en\/wp-json\/wp\/v2\/posts"}],"about":[{"href":"https:\/\/kastela.hr\/en\/wp-json\/wp\/v2\/types\/post"}],"author":[{"embeddable":true,"href":"https:\/\/kastela.hr\/en\/wp-json\/wp\/v2\/users\/7"}],"replies":[{"embeddable":true,"href":"https:\/\/kastela.hr\/en\/wp-json\/wp\/v2\/comments?post=3821"}],"version-history":[{"count":1,"href":"https:\/\/kastela.hr\/en\/wp-json\/wp\/v2\/posts\/3821\/revisions"}],"predecessor-version":[{"id":6802,"href":"https:\/\/kastela.hr\/en\/wp-json\/wp\/v2\/posts\/3821\/revisions\/6802"}],"wp:featuredmedia":[{"embeddable":true,"href":"https:\/\/kastela.hr\/en\/wp-json\/wp\/v2\/media\/3822"}],"wp:attachment":[{"href":"https:\/\/kastela.hr\/en\/wp-json\/wp\/v2\/media?parent=3821"}],"wp:term":[{"taxonomy":"category","embeddable":true,"href":"https:\/\/kastela.hr\/en\/wp-json\/wp\/v2\/categories?post=3821"},{"taxonomy":"post_tag","embeddable":true,"href":"https:\/\/kastela.hr\/en\/wp-json\/wp\/v2\/tags?post=3821"}],"curies":[{"name":"wp","href":"https:\/\/api.w.org\/{rel}","templated":true}]}}