{"id":3818,"date":"2021-08-23T06:45:00","date_gmt":"2021-08-23T04:45:00","guid":{"rendered":"https:\/\/kastela.hr\/en\/2021\/08\/23\/obavijest-o-prebacivanju-lutkarske-predstave-slozna-obitelj-za-cetvrtak-26-kolovoza\/"},"modified":"2024-08-29T10:47:52","modified_gmt":"2024-08-29T08:47:52","slug":"obavijest-o-prebacivanju-lutkarske-predstave-slozna-obitelj-za-cetvrtak-26-kolovoza","status":"publish","type":"post","link":"https:\/\/kastela.hr\/en\/2021\/08\/23\/obavijest-o-prebacivanju-lutkarske-predstave-slozna-obitelj-za-cetvrtak-26-kolovoza\/","title":{"rendered":"Obavijest o prebacivanju lutkarske predstave &#8216;Slo\u017ena obitelj&#8217; za \u010detvrtak 26. kolovoza"},"content":{"rendered":"<p>Lutkarska predstava za djecu &#39;Slo\u017ena obitelj&#39; koja je trebala biti odr\u017eana u srijedu 25. kolovoza, zbog nepovoljnih vremenskih prilika prebacuje se za \u010detvrtak <strong>26. kolovoza u 20 sati<\/strong>, a odr\u017eat \u0107e se u \u0161kolskom botani\u010dkom vrtu Osnovne \u0161kole Ostrog u Ka\u0161tel Luk\u0161i\u0107u.<\/p>\n<p>Rije\u010d je o lutkarskoj predstavi u izvedbi umjetni\u010dke organizacije Produkcije Z iz Splita. Topla pri\u010da o obitelji kao ishodi\u0161tu ljubavi, brige, dobrote i zajedni\u0161tva, dolazi u jednom trenutku u isku\u0161enja jer obiteljsku idilu \u017eeli naru\u0161iti zlobni \u010darobnjak Zlik, ali u kona\u010dnici ljubav i obiteljska sloga pobje\u0111uju sve i obitelj ostaje slo\u017ena.<\/p>\n<p>&nbsp;<\/p>\n","protected":false},"excerpt":{"rendered":"<p>Lutkarska predstava za djecu &#39;Slo\u017ena obitelj&#39; koja je trebala biti odr\u017eana u srijedu 25. kolovoza, zbog nepovoljnih vremenskih prilika prebacuje [&hellip;]<\/p>\n","protected":false},"author":7,"featured_media":3819,"comment_status":"closed","ping_status":"open","sticky":false,"template":"","format":"standard","meta":{"_acf_changed":false,"footnotes":""},"categories":[1],"tags":[],"class_list":["post-3818","post","type-post","status-publish","format-standard","has-post-thumbnail","hentry","category-novosti"],"acf":[],"_links":{"self":[{"href":"https:\/\/kastela.hr\/en\/wp-json\/wp\/v2\/posts\/3818","targetHints":{"allow":["GET"]}}],"collection":[{"href":"https:\/\/kastela.hr\/en\/wp-json\/wp\/v2\/posts"}],"about":[{"href":"https:\/\/kastela.hr\/en\/wp-json\/wp\/v2\/types\/post"}],"author":[{"embeddable":true,"href":"https:\/\/kastela.hr\/en\/wp-json\/wp\/v2\/users\/7"}],"replies":[{"embeddable":true,"href":"https:\/\/kastela.hr\/en\/wp-json\/wp\/v2\/comments?post=3818"}],"version-history":[{"count":1,"href":"https:\/\/kastela.hr\/en\/wp-json\/wp\/v2\/posts\/3818\/revisions"}],"predecessor-version":[{"id":6801,"href":"https:\/\/kastela.hr\/en\/wp-json\/wp\/v2\/posts\/3818\/revisions\/6801"}],"wp:featuredmedia":[{"embeddable":true,"href":"https:\/\/kastela.hr\/en\/wp-json\/wp\/v2\/media\/3819"}],"wp:attachment":[{"href":"https:\/\/kastela.hr\/en\/wp-json\/wp\/v2\/media?parent=3818"}],"wp:term":[{"taxonomy":"category","embeddable":true,"href":"https:\/\/kastela.hr\/en\/wp-json\/wp\/v2\/categories?post=3818"},{"taxonomy":"post_tag","embeddable":true,"href":"https:\/\/kastela.hr\/en\/wp-json\/wp\/v2\/tags?post=3818"}],"curies":[{"name":"wp","href":"https:\/\/api.w.org\/{rel}","templated":true}]}}