{"id":3815,"date":"2021-08-24T04:20:00","date_gmt":"2021-08-24T02:20:00","guid":{"rendered":"https:\/\/kastela.hr\/en\/2021\/08\/24\/dva-tenora-vecer-opernih-arija-talijanskih-kancona-i-evergreena-te-predstava-roko-i-cicibela-promjena-termina\/"},"modified":"2024-08-29T10:47:52","modified_gmt":"2024-08-29T08:47:52","slug":"dva-tenora-vecer-opernih-arija-talijanskih-kancona-i-evergreena-te-predstava-roko-i-cicibela-promjena-termina","status":"publish","type":"post","link":"https:\/\/kastela.hr\/en\/2021\/08\/24\/dva-tenora-vecer-opernih-arija-talijanskih-kancona-i-evergreena-te-predstava-roko-i-cicibela-promjena-termina\/","title":{"rendered":"Dva tenora \u2013 Ve\u010der opernih arija, talijanskih kancona i evergreena te predstava &#8216;Roko i Cicibela&#8217; &#8211; PROMJENA TERMINA"},"content":{"rendered":"<p>Do kraja tjedna o\u010dekuje nas jo\u0161 nekoliko zanimljivih doga\u0111anja u okviru programa Ka\u0161telanskog kulturnog ljeta 2021.<\/p>\n<p>Ovoga \u010detvrtka, <strong>26. kolovoza u 21 sat<\/strong> u Novom parku u Ka\u0161tel Luk\u0161i\u0107u odr\u017eat \u0107e se Ve\u010der opernih arija, talijanskih kancona i evergreena. Nastupaju dva tenora &ndash; <strong>Sa\u0161a Jakeli\u0107 i Max Hozi\u0107<\/strong>.<\/p>\n<p><strong>IZMJENA TERMINA<\/strong><\/p>\n<p>U petak, <strong>27. kolovoza <\/strong>u 21 sat u u Novom parku u Ka\u0161tel Luk\u0161i\u0107u bilo je predvi\u0111eno&nbsp;uprizorenje predstave &#39;Roko i Cicibela&#39; u izvedbi Kazali\u0161ne dru\u017eine Ritam igre. Zbog mogu\u0107nosti nepovoljnih vremenskih prilika, predstava \u0107e zapo\u010deti pola sata ranije u <strong>20 i 30 sati, a u slu\u010daju&nbsp;ki\u0161e predstava \u0107e se odr\u017eati u Kulturnom centru u Ka\u0161tel Luk\u0161i\u0107u.&nbsp;<\/strong><\/p>\n<p>&nbsp;<\/p>\n<p>&nbsp;<\/p>\n","protected":false},"excerpt":{"rendered":"<p>Do kraja tjedna o\u010dekuje nas jo\u0161 nekoliko zanimljivih doga\u0111anja u okviru programa Ka\u0161telanskog kulturnog ljeta 2021. Ovoga \u010detvrtka, 26. kolovoza [&hellip;]<\/p>\n","protected":false},"author":7,"featured_media":3816,"comment_status":"closed","ping_status":"open","sticky":false,"template":"","format":"standard","meta":{"_acf_changed":false,"footnotes":""},"categories":[1],"tags":[],"class_list":["post-3815","post","type-post","status-publish","format-standard","has-post-thumbnail","hentry","category-novosti"],"acf":[],"_links":{"self":[{"href":"https:\/\/kastela.hr\/en\/wp-json\/wp\/v2\/posts\/3815","targetHints":{"allow":["GET"]}}],"collection":[{"href":"https:\/\/kastela.hr\/en\/wp-json\/wp\/v2\/posts"}],"about":[{"href":"https:\/\/kastela.hr\/en\/wp-json\/wp\/v2\/types\/post"}],"author":[{"embeddable":true,"href":"https:\/\/kastela.hr\/en\/wp-json\/wp\/v2\/users\/7"}],"replies":[{"embeddable":true,"href":"https:\/\/kastela.hr\/en\/wp-json\/wp\/v2\/comments?post=3815"}],"version-history":[{"count":1,"href":"https:\/\/kastela.hr\/en\/wp-json\/wp\/v2\/posts\/3815\/revisions"}],"predecessor-version":[{"id":6800,"href":"https:\/\/kastela.hr\/en\/wp-json\/wp\/v2\/posts\/3815\/revisions\/6800"}],"wp:featuredmedia":[{"embeddable":true,"href":"https:\/\/kastela.hr\/en\/wp-json\/wp\/v2\/media\/3816"}],"wp:attachment":[{"href":"https:\/\/kastela.hr\/en\/wp-json\/wp\/v2\/media?parent=3815"}],"wp:term":[{"taxonomy":"category","embeddable":true,"href":"https:\/\/kastela.hr\/en\/wp-json\/wp\/v2\/categories?post=3815"},{"taxonomy":"post_tag","embeddable":true,"href":"https:\/\/kastela.hr\/en\/wp-json\/wp\/v2\/tags?post=3815"}],"curies":[{"name":"wp","href":"https:\/\/api.w.org\/{rel}","templated":true}]}}