{"id":3811,"date":"2021-08-26T09:04:00","date_gmt":"2021-08-26T07:04:00","guid":{"rendered":"https:\/\/kastela.hr\/en\/2021\/08\/26\/boje-jazza-zagora-kastelima-i-koncert-opera-gala\/"},"modified":"2024-08-29T10:47:52","modified_gmt":"2024-08-29T08:47:52","slug":"boje-jazza-zagora-kastelima-i-koncert-opera-gala","status":"publish","type":"post","link":"https:\/\/kastela.hr\/en\/2021\/08\/26\/boje-jazza-zagora-kastelima-i-koncert-opera-gala\/","title":{"rendered":"Boje jazza, Zagora Ka\u0161telima i koncert &#8216;Opera gala&#8217;"},"content":{"rendered":"<p>U okviru programa Ka\u0161telanskog kulturnog ljeta 2021. posjetitelji \u0107e mo\u0107i u\u017eivati u koncertima jazza, opernim arijama i nastupu KUD-ova.<\/p>\n<p><b>Koncert &bdquo;Boje jazza&ldquo; predvi\u0111en za subotu, 28. kolovoza u 21 sat&nbsp;<\/b>na Igri\u0161\u0107u u Ka\u0161tel \u0160tafili\u0107u&nbsp;<b>odga\u0111a se za petak 3. rujna<\/b>&nbsp;u 20.30 sati zbog najavljenih nepovoljnih vremenskih uvjeta.<\/p>\n<p>Prisutni \u0107e u\u017eivati u nastupu HGD Biranj i gostuju\u0107ih: Dra\u017eena Bogdanovi\u0107a ( tenor saksofon ), Mislava Re\u017ei\u0107a ( gitara ), Ane Ur\u0161ule Najev ( vokal ), Nenada Bege ( bas gitara ) uz dirigentsku palicu maestra Denija Pjani\u0107a. Organizator koncerta je TZ grada Ka\u0161tela.<\/p>\n<p><b>U nedjelju, 29. kolovoza u 18 sati&nbsp;<\/b>na brcu u Ka\u0161tel Novom odr\u017eat \u0107e se &bdquo;Zagora Ka\u0161telima&ldquo;, manifestacija u izvedbi KUD-a Srce Zagore gdje \u0107e posjetitelji mo\u0107i u\u017eivati u kulturno-umjetni\u010dkoj tradiciji dalmatinskog zale\u0111a. Manifestacija je prvotno planirana u Ka\u0161tel Starom, ali je lokacija odr\u017eavanja preba\u010dena na novsko brce.<\/p>\n<p><b>U ponedjeljak, 30. kolovoza u 21 sat<\/b>&nbsp;u dvorcu Ru\u0161inac u Ka\u0161tel Luk\u0161i\u0107u odr\u017eat \u0107e se &bdquo;Opera gala&ldquo;, koncert poznatih arija, kancona i doma\u0107ih filmskih pjesama u izvedbi sopranistice Ane Malovan i gostuju\u0107ih izvo\u0111a\u010da.<\/p>\n","protected":false},"excerpt":{"rendered":"<p>U okviru programa Ka\u0161telanskog kulturnog ljeta 2021. posjetitelji \u0107e mo\u0107i u\u017eivati u koncertima jazza, opernim arijama i nastupu KUD-ova. Koncert [&hellip;]<\/p>\n","protected":false},"author":1,"featured_media":3812,"comment_status":"closed","ping_status":"open","sticky":false,"template":"","format":"standard","meta":{"_acf_changed":false,"footnotes":""},"categories":[1],"tags":[],"class_list":["post-3811","post","type-post","status-publish","format-standard","has-post-thumbnail","hentry","category-novosti"],"acf":[],"_links":{"self":[{"href":"https:\/\/kastela.hr\/en\/wp-json\/wp\/v2\/posts\/3811","targetHints":{"allow":["GET"]}}],"collection":[{"href":"https:\/\/kastela.hr\/en\/wp-json\/wp\/v2\/posts"}],"about":[{"href":"https:\/\/kastela.hr\/en\/wp-json\/wp\/v2\/types\/post"}],"author":[{"embeddable":true,"href":"https:\/\/kastela.hr\/en\/wp-json\/wp\/v2\/users\/1"}],"replies":[{"embeddable":true,"href":"https:\/\/kastela.hr\/en\/wp-json\/wp\/v2\/comments?post=3811"}],"version-history":[{"count":1,"href":"https:\/\/kastela.hr\/en\/wp-json\/wp\/v2\/posts\/3811\/revisions"}],"predecessor-version":[{"id":6799,"href":"https:\/\/kastela.hr\/en\/wp-json\/wp\/v2\/posts\/3811\/revisions\/6799"}],"wp:featuredmedia":[{"embeddable":true,"href":"https:\/\/kastela.hr\/en\/wp-json\/wp\/v2\/media\/3812"}],"wp:attachment":[{"href":"https:\/\/kastela.hr\/en\/wp-json\/wp\/v2\/media?parent=3811"}],"wp:term":[{"taxonomy":"category","embeddable":true,"href":"https:\/\/kastela.hr\/en\/wp-json\/wp\/v2\/categories?post=3811"},{"taxonomy":"post_tag","embeddable":true,"href":"https:\/\/kastela.hr\/en\/wp-json\/wp\/v2\/tags?post=3811"}],"curies":[{"name":"wp","href":"https:\/\/api.w.org\/{rel}","templated":true}]}}