{"id":3808,"date":"2021-08-30T04:50:00","date_gmt":"2021-08-30T02:50:00","guid":{"rendered":"https:\/\/kastela.hr\/en\/2021\/08\/30\/posjet-delegacije-prijateljskog-grada-pszczyna\/"},"modified":"2024-08-29T10:47:52","modified_gmt":"2024-08-29T08:47:52","slug":"posjet-delegacije-prijateljskog-grada-pszczyna","status":"publish","type":"post","link":"https:\/\/kastela.hr\/en\/2021\/08\/30\/posjet-delegacije-prijateljskog-grada-pszczyna\/","title":{"rendered":"Posjet delegacije prijateljskog grada Pszczyna"},"content":{"rendered":"<p>Nakon dvije godine nemogu\u0107nosti susreta i suradnje, u slu\u017ebeni posjet Gradu Ka\u0161tela stigla je delegacija prijateljskog grada Pszczyna iz Poljske. Dogradona\u010delnicu Barbaru Sopot Zembok i predstojnicu ureda za promociju Martu Wesolowsku u &nbsp;Gradskoj upravi primili su dogradona\u010delnica Jadranka Matok Bosan\u010di\u0107, v.d. pro\u010delnika za dru\u0161tvene djelatnosti Jak\u0161a Sokol i predsjednica Odbora za me\u0111ugradsku suradnju Marijana Vulas.<\/p>\n<p>Pandemija je prekinula neke ustaljenje projekte suradnje i dovela u pitanje nove, no s nadom u bolju situaciju idu\u0107e godine raspravljalo se o nizu projekata kako na kulturnom i turisti\u010dkom planu, tako i na suradnji mladih te povezivanju zajednica p\u010delara i malih obrta.<\/p>\n<p>Veliki broj turista iz Poljske prepoznaju Ka\u0161tela kao mirno i ugodno mjesto za odmor. Dogovoren je i sastanak sa TZ Ka\u0161tela o unaprije\u0111enju turisti\u010dke promocije u Pszczyni kao i promoviranje Pszczyne u Ka\u0161telima.<\/p>\n<p>Pszczyna je s razlogom jedan od najljep\u0161ih gradova u ju\u017enoj Poljskoj. Ve\u0107 godinama privla\u010di turiste, o\u010darava ih slikovitim krajolicima, jedinstvenom atmosferom i bogatom povije\u0161\u0107u. Najzanimljivija turisti\u010dka atrakcija je Muzej dvorca, nekada\u0161nji kne\u017eevski dvorac i jedan od najveli\u010danstvenijih kompleksa parkova i pala\u010da u zemlji. U neposrednoj blizini Muzeja dvorca i parka nalazi se Stari grad \u010diji je urbani raspored pre\u017eivio od srednjeg vijeka &#8211; s tr\u017enice okru\u017een stambenim ku\u0107ama, gradskom vije\u0107nicom i crkvama nalaze se uske ulice, uklju\u010duju\u0107i glavno \u0161etali\u0161te Pszczyne &#8211; Piastowsku ulicu. Tr\u017enica Pszczyna cijelu godinu vrvi od \u017eivota &#8211; ljeti se pije kvalitetna kava, a zimi je idealna za u kupnju ili klizanje na umjetnom klizali\u0161tu.<\/p>\n<p>&nbsp;<\/p>\n<p>&nbsp;<\/p>\n<p>&nbsp;<\/p>\n","protected":false},"excerpt":{"rendered":"<p>Nakon dvije godine nemogu\u0107nosti susreta i suradnje, u slu\u017ebeni posjet Gradu Ka\u0161tela stigla je delegacija prijateljskog grada Pszczyna iz Poljske. [&hellip;]<\/p>\n","protected":false},"author":7,"featured_media":3809,"comment_status":"closed","ping_status":"open","sticky":false,"template":"","format":"standard","meta":{"_acf_changed":false,"footnotes":""},"categories":[1],"tags":[],"class_list":["post-3808","post","type-post","status-publish","format-standard","has-post-thumbnail","hentry","category-novosti"],"acf":[],"_links":{"self":[{"href":"https:\/\/kastela.hr\/en\/wp-json\/wp\/v2\/posts\/3808","targetHints":{"allow":["GET"]}}],"collection":[{"href":"https:\/\/kastela.hr\/en\/wp-json\/wp\/v2\/posts"}],"about":[{"href":"https:\/\/kastela.hr\/en\/wp-json\/wp\/v2\/types\/post"}],"author":[{"embeddable":true,"href":"https:\/\/kastela.hr\/en\/wp-json\/wp\/v2\/users\/7"}],"replies":[{"embeddable":true,"href":"https:\/\/kastela.hr\/en\/wp-json\/wp\/v2\/comments?post=3808"}],"version-history":[{"count":1,"href":"https:\/\/kastela.hr\/en\/wp-json\/wp\/v2\/posts\/3808\/revisions"}],"predecessor-version":[{"id":6797,"href":"https:\/\/kastela.hr\/en\/wp-json\/wp\/v2\/posts\/3808\/revisions\/6797"}],"wp:featuredmedia":[{"embeddable":true,"href":"https:\/\/kastela.hr\/en\/wp-json\/wp\/v2\/media\/3809"}],"wp:attachment":[{"href":"https:\/\/kastela.hr\/en\/wp-json\/wp\/v2\/media?parent=3808"}],"wp:term":[{"taxonomy":"category","embeddable":true,"href":"https:\/\/kastela.hr\/en\/wp-json\/wp\/v2\/categories?post=3808"},{"taxonomy":"post_tag","embeddable":true,"href":"https:\/\/kastela.hr\/en\/wp-json\/wp\/v2\/tags?post=3808"}],"curies":[{"name":"wp","href":"https:\/\/api.w.org\/{rel}","templated":true}]}}