{"id":3805,"date":"2021-08-30T04:56:00","date_gmt":"2021-08-30T02:56:00","guid":{"rendered":"https:\/\/kastela.hr\/en\/2021\/08\/30\/11-festival-salse-i-salse-ove-godine-u-nesto-drugacijem-izdanju\/"},"modified":"2024-08-29T10:47:52","modified_gmt":"2024-08-29T08:47:52","slug":"11-festival-salse-i-salse-ove-godine-u-nesto-drugacijem-izdanju","status":"publish","type":"post","link":"https:\/\/kastela.hr\/en\/2021\/08\/30\/11-festival-salse-i-salse-ove-godine-u-nesto-drugacijem-izdanju\/","title":{"rendered":"11. Festival \u0161al\u0161e i salse ove godine u ne\u0161to druga\u010dijem izdanju"},"content":{"rendered":"<p>Zbog nemogu\u0107nosti odr\u017eavanja gastro i zabavnog programa ove godine 11. Festival \u0161al\u0161e i salse odr\u017eat \u0107e se &nbsp;31. kolovoza 2021. s po\u010detkom u 20:30 sati u Ka\u0161tel Kambelovcu ispred zgrade Baletne \u0161kole u kojoj je hrvatska balerina, pedagoginja i koreografkinja Ana Roje vodila vlastitu me\u0111unarodnu baletnu \u0161kolu.&nbsp;<\/p>\n<p>Ana Roje u svojim je koreografijama \u010desto promicala hrvatsku glazbu i nacionalne plesove. Ova balerina svjetskog glasa dobitnica je nagrade &bdquo;Vladimir Nazor&ldquo; za \u017eivotno djelo, kroz program \u0107emo u znak sje\u0107anja na 30.godi\u0161njicu njene smrti prisjetiti se njenog lika i djela. Anino ime nalazi se i u godi\u0161njoj nagradi &bdquo;Ana Roje&ldquo; koju dodjeljuje zagreba\u010dko Hrvatsko narodno kazali\u0161te za najbolju \u017eensku baletnu ulogu, dok splitski HNK uru\u010duje nagradu &bdquo;Ana Roje&ldquo; za najbolje umjetni\u010dko ostvarenje u baletu.&nbsp;<\/p>\n<p>11. Festival \u0161al\u0161e i salse odr\u017eava se pod pokroviteljstvom Grada Ka\u0161tela, Turisti\u010dke zajednice grada Ka\u0161tela, TZ Splitsko-dalmatinske \u017eupanije Cemex d.d. i restorana Baletna \u0161kola u organizaciji Udruge za promicanje kvalitete \u017eivota, kulturnih vrijednosti i ba\u0161tine &bdquo;\u0160u\u0161ur&ldquo;.<\/p>\n<p>U plesnom dijelu programa nastupit \u0107e latino i standard plesa\u010di, trbu\u0161na plesa\u010dica uz fire show, hip-hop i break, plesa\u010di salse, a kao posebne go\u0161\u0107e: Anny Alves, Brazilka ro\u0111ena u Salvadoru, gradu koji se smatra kolijevkom sambe. Od prije par godina Hrvatska je postala njen stalni dom u kojem \u017eivi i radi, a uz sambu poha\u0111a i satove baleta. Uz Anny nastupit \u0107e plesa\u010dica sambe i glumica Petra Tunji\u0107.<\/p>\n<p>Svih proteklih godina festival je imao humanitarni karakter. Prikupljenim sredstvima donatora u protekloj godini opremljena je ku\u0107a za besku\u0107nike u Ka\u0161telima, a i ove godine nastavlja se tradicija. Udruga Sv. Jeronim, koja skrbi o besku\u0107nicima u protekloj i ovoj godini pro\u0161irila je kapacitete prihvatili\u0161ta, opremila ga, ali jo\u0161 uvijek im izme\u0111u ostalog nedostaje i klima ure\u0111aj.&nbsp;<\/p>\n<p>Pozivaju se svi poduzetnici i ljudi dobre volje da doniraju potrebitima, u skladu sa svojim mogu\u0107nostima, kako bi pomogli onima koji su svoj dom prona\u0161li u prihvatili\u0161tu za besku\u0107nike u Ka\u0161telima.<\/p>\n<p>Kontakt: Sre\u0107ko Radan, predsjednik udruge, mob. 0915525361&nbsp;<br \/>\nPodaci za uplatu : UDRUGA SV. JERONIM, CESTA DR. F. TU\u0110MANA 434 A, 21213 K. GOMILICA, OIB: 03572593865<br \/>\nRN ZA UPLATU KOD PBZ-A: IBAN HR4823400091110119260,&nbsp;<br \/>\nOpis pla\u0107anja: donacija za preno\u0107i\u0161te udruge sv Jeronim<\/p>\n<p>Za gledatelje, \u0161al\u0161u i koktele, ove godine pripremit \u0107e vrijedne kuharice, kuhari i koktel majstori restorana Baletna \u0161kola, koji su svih proteklih godina bili sudionici gastro dijela manifestacij.<br \/>\nProgram \u0107e se odr\u017eati u skladu s preporukama Nacionalnog sto\u017eera civilne za\u0161tite.<\/p>\n<p>Program 11. Festivala \u0161alse i salse pratite u\u017eivo na poveznici https:\/\/youtu.be\/A1RHYbWdFBs<\/p>\n","protected":false},"excerpt":{"rendered":"<p>Zbog nemogu\u0107nosti odr\u017eavanja gastro i zabavnog programa ove godine 11. Festival \u0161al\u0161e i salse odr\u017eat \u0107e se &nbsp;31. kolovoza 2021. [&hellip;]<\/p>\n","protected":false},"author":7,"featured_media":3806,"comment_status":"closed","ping_status":"open","sticky":false,"template":"","format":"standard","meta":{"_acf_changed":false,"footnotes":""},"categories":[1],"tags":[],"class_list":["post-3805","post","type-post","status-publish","format-standard","has-post-thumbnail","hentry","category-novosti"],"acf":[],"_links":{"self":[{"href":"https:\/\/kastela.hr\/en\/wp-json\/wp\/v2\/posts\/3805","targetHints":{"allow":["GET"]}}],"collection":[{"href":"https:\/\/kastela.hr\/en\/wp-json\/wp\/v2\/posts"}],"about":[{"href":"https:\/\/kastela.hr\/en\/wp-json\/wp\/v2\/types\/post"}],"author":[{"embeddable":true,"href":"https:\/\/kastela.hr\/en\/wp-json\/wp\/v2\/users\/7"}],"replies":[{"embeddable":true,"href":"https:\/\/kastela.hr\/en\/wp-json\/wp\/v2\/comments?post=3805"}],"version-history":[{"count":1,"href":"https:\/\/kastela.hr\/en\/wp-json\/wp\/v2\/posts\/3805\/revisions"}],"predecessor-version":[{"id":6796,"href":"https:\/\/kastela.hr\/en\/wp-json\/wp\/v2\/posts\/3805\/revisions\/6796"}],"wp:featuredmedia":[{"embeddable":true,"href":"https:\/\/kastela.hr\/en\/wp-json\/wp\/v2\/media\/3806"}],"wp:attachment":[{"href":"https:\/\/kastela.hr\/en\/wp-json\/wp\/v2\/media?parent=3805"}],"wp:term":[{"taxonomy":"category","embeddable":true,"href":"https:\/\/kastela.hr\/en\/wp-json\/wp\/v2\/categories?post=3805"},{"taxonomy":"post_tag","embeddable":true,"href":"https:\/\/kastela.hr\/en\/wp-json\/wp\/v2\/tags?post=3805"}],"curies":[{"name":"wp","href":"https:\/\/api.w.org\/{rel}","templated":true}]}}