{"id":3796,"date":"2021-09-01T06:45:00","date_gmt":"2021-09-01T04:45:00","guid":{"rendered":"https:\/\/kastela.hr\/en\/2021\/09\/01\/zatvaranje-ceste-dr-franje-tudmana-u-kastel-sucurcu-zbog-izvodenja-radova-u-nocnim-satima\/"},"modified":"2024-08-29T10:47:52","modified_gmt":"2024-08-29T08:47:52","slug":"zatvaranje-ceste-dr-franje-tudmana-u-kastel-sucurcu-zbog-izvodenja-radova-u-nocnim-satima","status":"publish","type":"post","link":"https:\/\/kastela.hr\/en\/2021\/09\/01\/zatvaranje-ceste-dr-franje-tudmana-u-kastel-sucurcu-zbog-izvodenja-radova-u-nocnim-satima\/","title":{"rendered":"Zatvaranje Ceste dr. Franje Tu\u0111mana u Ka\u0161tel Su\u0107urcu zbog izvo\u0111enja radova u no\u0107nim satima"},"content":{"rendered":"<p>Tvrtka Gra\u0111evno Zec obavje\u0161tava sve sudionike u prometu da \u0107e, zbog izvo\u0111enja no\u0107nih radova, <strong>na dionici Ceste dr. Franje Tu\u0111mana u Ka\u0161tel Su\u0107urcu od Doma zdravlja do Rimskog puta<\/strong>, do\u0107i do povremene obustave prometa.<\/p>\n<p>Naime, izvo\u0111a\u010d radova <strong>u no\u0107i s \u010detvrtka na petak<\/strong>, dakle <strong>2. rujna od 23 sata do 3. rujna u 4 sata<\/strong>, izvodit \u0107e radove monta\u017ee autodizalicom ab okana \u010dvor 10 i \u010dvor 11 (vodovodna okna), te bi u navedenom razdoblju do\u0161lo do povremene obustave prometa uz povremeno propu\u0161tanje vozila. U tom vremenu, uspostavit \u0107e se ru\u010dna regulacija prometa prilago\u0111ena tehnologiji odvijanja radova na monta\u017ei ab okana.<\/p>\n<p>Svi sudionici u prometu pozivaju se na dodatan oprez, strpljenje i po\u0161tovanje regulacije prometa.<\/p>\n<p>Podsjetimo, radovi na rekonstrukciji Ceste dr. Franje Tu\u0111mana u Ka\u0161tel Su\u0107urcu zapo\u010deli su u travnju ove godine. Rije\u010d je o nastavku radova vrijednih 15 milijuna kuna s PDV-om, odnosno tre\u0107oj fazi rekonstrukcije ceste od isto\u010dnog ulaza u grad nakon \u0161to je pro\u0161le godine zavr\u0161ena druga faza, dok je prva faza ure\u0111enja ceste zavr\u0161ena u drugoj polovini 2017. godine. Radi se o izuzetno zahtjevnim radovima koji \u0107e zavr\u0161iti na prolje\u0107e 2022. godine.<\/p>\n","protected":false},"excerpt":{"rendered":"<p>Tvrtka Gra\u0111evno Zec obavje\u0161tava sve sudionike u prometu da \u0107e, zbog izvo\u0111enja no\u0107nih radova, na dionici Ceste dr. Franje Tu\u0111mana [&hellip;]<\/p>\n","protected":false},"author":7,"featured_media":3797,"comment_status":"closed","ping_status":"open","sticky":false,"template":"","format":"standard","meta":{"_acf_changed":false,"footnotes":""},"categories":[1],"tags":[],"class_list":["post-3796","post","type-post","status-publish","format-standard","has-post-thumbnail","hentry","category-novosti"],"acf":[],"_links":{"self":[{"href":"https:\/\/kastela.hr\/en\/wp-json\/wp\/v2\/posts\/3796","targetHints":{"allow":["GET"]}}],"collection":[{"href":"https:\/\/kastela.hr\/en\/wp-json\/wp\/v2\/posts"}],"about":[{"href":"https:\/\/kastela.hr\/en\/wp-json\/wp\/v2\/types\/post"}],"author":[{"embeddable":true,"href":"https:\/\/kastela.hr\/en\/wp-json\/wp\/v2\/users\/7"}],"replies":[{"embeddable":true,"href":"https:\/\/kastela.hr\/en\/wp-json\/wp\/v2\/comments?post=3796"}],"version-history":[{"count":1,"href":"https:\/\/kastela.hr\/en\/wp-json\/wp\/v2\/posts\/3796\/revisions"}],"predecessor-version":[{"id":6793,"href":"https:\/\/kastela.hr\/en\/wp-json\/wp\/v2\/posts\/3796\/revisions\/6793"}],"wp:featuredmedia":[{"embeddable":true,"href":"https:\/\/kastela.hr\/en\/wp-json\/wp\/v2\/media\/3797"}],"wp:attachment":[{"href":"https:\/\/kastela.hr\/en\/wp-json\/wp\/v2\/media?parent=3796"}],"wp:term":[{"taxonomy":"category","embeddable":true,"href":"https:\/\/kastela.hr\/en\/wp-json\/wp\/v2\/categories?post=3796"},{"taxonomy":"post_tag","embeddable":true,"href":"https:\/\/kastela.hr\/en\/wp-json\/wp\/v2\/tags?post=3796"}],"curies":[{"name":"wp","href":"https:\/\/api.w.org\/{rel}","templated":true}]}}