{"id":3763,"date":"2021-09-02T06:30:00","date_gmt":"2021-09-02T04:30:00","guid":{"rendered":"https:\/\/kastela.hr\/en\/2021\/09\/02\/svecanost-zatvaranja-kastelanskog-kulturnog-ljeta-2021\/"},"modified":"2024-08-29T10:47:52","modified_gmt":"2024-08-29T08:47:52","slug":"svecanost-zatvaranja-kastelanskog-kulturnog-ljeta-2021","status":"publish","type":"post","link":"https:\/\/kastela.hr\/en\/2021\/09\/02\/svecanost-zatvaranja-kastelanskog-kulturnog-ljeta-2021\/","title":{"rendered":"Sve\u010danost zatvaranja Ka\u0161telanskog kulturnog ljeta 2021."},"content":{"rendered":"<p>Ove subote, 4. rujna u 20:30 u Novom parku u Ka\u0161tel Luk\u0161i\u0107u odr\u017eat \u0107e se sve\u010danost zatvaranja Ka\u0161telanskog kulturnog ljeta 2021. Na rasporedu je glazbeno scenska manifestacija &#39;Ero s onoga svijeta&#39; Jakova Gotovca, a nastupaju Bo\u017eo \u017dupi\u0107 Ivona Bosan\u010di\u0107, Maja Andrijoli\u0107, Vladimir Gari\u0107, Marko Lasi\u0107 &#8211; pod umjetni\u010dkim vodstvom tenora Ante Ivi\u0107a.<\/p>\n<p>&nbsp;<\/p>\n<p>&nbsp;<\/p>\n","protected":false},"excerpt":{"rendered":"<p>Ove subote, 4. rujna u 20:30 u Novom parku u Ka\u0161tel Luk\u0161i\u0107u odr\u017eat \u0107e se sve\u010danost zatvaranja Ka\u0161telanskog kulturnog ljeta [&hellip;]<\/p>\n","protected":false},"author":7,"featured_media":3764,"comment_status":"closed","ping_status":"open","sticky":false,"template":"","format":"standard","meta":{"_acf_changed":false,"footnotes":""},"categories":[1],"tags":[],"class_list":["post-3763","post","type-post","status-publish","format-standard","has-post-thumbnail","hentry","category-novosti"],"acf":[],"_links":{"self":[{"href":"https:\/\/kastela.hr\/en\/wp-json\/wp\/v2\/posts\/3763","targetHints":{"allow":["GET"]}}],"collection":[{"href":"https:\/\/kastela.hr\/en\/wp-json\/wp\/v2\/posts"}],"about":[{"href":"https:\/\/kastela.hr\/en\/wp-json\/wp\/v2\/types\/post"}],"author":[{"embeddable":true,"href":"https:\/\/kastela.hr\/en\/wp-json\/wp\/v2\/users\/7"}],"replies":[{"embeddable":true,"href":"https:\/\/kastela.hr\/en\/wp-json\/wp\/v2\/comments?post=3763"}],"version-history":[{"count":1,"href":"https:\/\/kastela.hr\/en\/wp-json\/wp\/v2\/posts\/3763\/revisions"}],"predecessor-version":[{"id":6792,"href":"https:\/\/kastela.hr\/en\/wp-json\/wp\/v2\/posts\/3763\/revisions\/6792"}],"wp:featuredmedia":[{"embeddable":true,"href":"https:\/\/kastela.hr\/en\/wp-json\/wp\/v2\/media\/3764"}],"wp:attachment":[{"href":"https:\/\/kastela.hr\/en\/wp-json\/wp\/v2\/media?parent=3763"}],"wp:term":[{"taxonomy":"category","embeddable":true,"href":"https:\/\/kastela.hr\/en\/wp-json\/wp\/v2\/categories?post=3763"},{"taxonomy":"post_tag","embeddable":true,"href":"https:\/\/kastela.hr\/en\/wp-json\/wp\/v2\/tags?post=3763"}],"curies":[{"name":"wp","href":"https:\/\/api.w.org\/{rel}","templated":true}]}}